{"id":13337,"date":"2020-06-05T08:00:36","date_gmt":"2020-06-05T13:00:36","guid":{"rendered":"http:\/\/www.zonaroja.com.mx\/?p=13337"},"modified":"2020-06-05T08:02:40","modified_gmt":"2020-06-05T13:02:40","slug":"no-uso-cubrebocas-estoy-blindada-con-nanomoleculas-de-citricos","status":"publish","type":"post","link":"https:\/\/zonaroja.com.mx\/?p=13337","title":{"rendered":"\u201cNo uso cubrebocas, estoy blindada con nanomol\u00e9culas de c\u00edtricos\u201d"},"content":{"rendered":"\n<p>Redacci\u00f3n\/Zona\nRoja Cdmx.<\/p>\n\n\n\n<p>Ciudad de\nM\u00e9xico, 5 de junio de 2020.- La secretaria de Gobernaci\u00f3n, Olga S\u00e1nchez\nCordero, no utiliza cubrebocas ante el Covid-19, pero s\u00ed usa gotas c\u00edtricas\npara protegerse, coment\u00f3 el mi\u00e9rcoles en entrevista con W Radio.<\/p>\n\n\n\n<p>Al ser\ncuestionada sobre si utiliza cubrebocas para protegerse ante el virus, la\nfuncionaria dijo: \u00abYo no, no, no. Yo estoy blindada con mis gotas. Son\nnanomol\u00e9culas de c\u00edtricos\u00bb.<\/p>\n\n\n\n<p>A\u00f1adi\u00f3\nque estas las conoci\u00f3 en entrevistas a una bioqu\u00edmica.<\/p>\n\n\n\n<p>\u00abLas\nvi en varias entrevistas a una chica inteligent\u00edsima, ingeniera bioqu\u00edmica, que\nsac\u00f3 esta maravilla de productos que van directamente a destruir los virus, yo\nle ped\u00ed y para mis colaboradores. Se las di al gobernador de Quer\u00e9taro, al de\nHidalgo y al de Tabasco\u00bb, manifest\u00f3 a un medio radiof\u00f3nico de la capital\ndel pa\u00eds.<\/p>\n\n\n\n<p>S\u00e1nchez\nCordero a\u00f1adi\u00f3 que considera que el virus lleg\u00f3 para quedarse, como la\ninfluenza y el sarampi\u00f3n, y hay que mantener la sana distancia para evitar\ncontagios.<\/p>\n\n\n\n<p>\u00abTenemos que tomar las precauciones necesarias y probablemente tengamos otros virus en el futuro. Tenemos que tomar precauciones, tenemos que cuidar nuestra salud, tenemos que lavarnos las manos con mayor frecuencia, respetar la sana distancia, sobre todo en estos momentos\u00bb, apunt\u00f3.<\/p>\n\n\n\n<figure class=\"wp-block-embed-twitter wp-block-embed is-type-rich is-provider-twitter\"><div class=\"wp-block-embed__wrapper\">\n<div class=\"twitter-tweet\"><blockquote class=\"twitter-tweet\" data-lang=\"es\"><p lang=\"es\" dir=\"ltr\"><a href=\"https:\/\/twitter.com\/hashtag\/Qu%C3%A9dateEnCasaA%C3%BAn?src=hash&amp;ref_src=twsrc%5Etfw\">#Qu\u00e9dateEnCasaA\u00fan<\/a><br>\u00bfQu\u00e9 le parece? La titular de la <a href=\"https:\/\/twitter.com\/SEGOB_mx?ref_src=twsrc%5Etfw\">@SEGOB_mx<\/a>, <a href=\"https:\/\/twitter.com\/M_OlgaSCordero?ref_src=twsrc%5Etfw\">@M_OlgaSCordero<\/a>, es inmune al Covid-19; no usa cubreboca porque toma \u201cnanomol\u00e9culas de c\u00edtricos\u201d. <a href=\"https:\/\/t.co\/sZ9OtmQj3w\">pic.twitter.com\/sZ9OtmQj3w<\/a><\/p>&mdash; Zona Roja Oaxaca (@MexRoja) <a href=\"https:\/\/twitter.com\/MexRoja\/status\/1268882944028016641?ref_src=twsrc%5Etfw\">5 de junio de 2020<\/a><\/blockquote><\/div>\n<\/div><\/figure>\n\n\n\n<p>Adem\u00e1s,\ncoment\u00f3 que todos debemos empezar a darnos cuenta de que la vida y la cultura\nhan cambiado a ra\u00edz de la pandemia de Covid-19.<\/p>\n\n\n\n<p>\u00abCreeo\nque es importante que nos empecemos a dar cuenta que ya cambi\u00f3 nuestra vida,\nque ya cambi\u00f3 nuestra cultura, y que tenemos que ir hacia adelante con otra\nvisi\u00f3n, porque tenemos que ser responsables de lo que nos pasa a nosotros\nmismos, a nuestro entorno, a nuestra familia, a nuestros colaboradores y todos\nlos cercanos\u00bb, agreg\u00f3.<\/p>\n\n\n\n<p>La Secretar\u00eda de Salud ha emitido recomendaciones generales para evitar contagios, como lavarse las manos con agua y jab\u00f3n frecuentemente, toser y estornudar en la parte interna del codo, y acudir al m\u00e9dico solo en caso de urgencia. As\u00ed como mantenerse en casa y utilizar cubrebocas al salir, y solo hacer esto \u00faltimo si es esencial.<\/p>\n\n\n\n<p>(Informaci\u00f3n de \u00abEl Financiero\u00bb)<\/p>\n","protected":false},"excerpt":{"rendered":"<p>Redacci\u00f3n\/Zona Roja Cdmx. Ciudad de M\u00e9xico, 5 de junio de 2020.- La secretaria de Gobernaci\u00f3n,&hellip;<\/p>\n","protected":false},"author":2,"featured_media":13339,"comment_status":"closed","ping_status":"open","sticky":false,"template":"","format":"standard","meta":{"_lmt_disableupdate":"","_lmt_disable":"","_jetpack_memberships_contains_paid_content":false,"footnotes":""},"categories":[109,47],"tags":[1328,948],"class_list":["post-13337","post","type-post","status-publish","format-standard","has-post-thumbnail","hentry","category-minuto-a-minuto","category-zona-gris","tag-coronavirus-mexico","tag-olga-sanchez-cordero"],"jetpack_featured_media_url":"https:\/\/zonaroja.com.mx\/wp-content\/uploads\/2020\/06\/Olga-S\u00e1nchez-Cordero.jpeg","jetpack_sharing_enabled":true,"_links":{"self":[{"href":"https:\/\/zonaroja.com.mx\/index.php?rest_route=\/wp\/v2\/posts\/13337","targetHints":{"allow":["GET"]}}],"collection":[{"href":"https:\/\/zonaroja.com.mx\/index.php?rest_route=\/wp\/v2\/posts"}],"about":[{"href":"https:\/\/zonaroja.com.mx\/index.php?rest_route=\/wp\/v2\/types\/post"}],"author":[{"embeddable":true,"href":"https:\/\/zonaroja.com.mx\/index.php?rest_route=\/wp\/v2\/users\/2"}],"replies":[{"embeddable":true,"href":"https:\/\/zonaroja.com.mx\/index.php?rest_route=%2Fwp%2Fv2%2Fcomments&post=13337"}],"version-history":[{"count":1,"href":"https:\/\/zonaroja.com.mx\/index.php?rest_route=\/wp\/v2\/posts\/13337\/revisions"}],"predecessor-version":[{"id":13338,"href":"https:\/\/zonaroja.com.mx\/index.php?rest_route=\/wp\/v2\/posts\/13337\/revisions\/13338"}],"wp:featuredmedia":[{"embeddable":true,"href":"https:\/\/zonaroja.com.mx\/index.php?rest_route=\/wp\/v2\/media\/13339"}],"wp:attachment":[{"href":"https:\/\/zonaroja.com.mx\/index.php?rest_route=%2Fwp%2Fv2%2Fmedia&parent=13337"}],"wp:term":[{"taxonomy":"category","embeddable":true,"href":"https:\/\/zonaroja.com.mx\/index.php?rest_route=%2Fwp%2Fv2%2Fcategories&post=13337"},{"taxonomy":"post_tag","embeddable":true,"href":"https:\/\/zonaroja.com.mx\/index.php?rest_route=%2Fwp%2Fv2%2Ftags&post=13337"}],"curies":[{"name":"wp","href":"https:\/\/api.w.org\/{rel}","templated":true}]}}