{"id":13345,"date":"2020-06-05T12:12:02","date_gmt":"2020-06-05T17:12:02","guid":{"rendered":"http:\/\/www.zonaroja.com.mx\/?p=13345"},"modified":"2020-06-05T12:12:05","modified_gmt":"2020-06-05T17:12:05","slug":"revelan-conversaciones-de-donato-casas-siguen-lios-en-los-sso","status":"publish","type":"post","link":"https:\/\/zonaroja.com.mx\/?p=13345","title":{"rendered":"Revelan conversaciones de Donato Casas; siguen l\u00edos en los SSO"},"content":{"rendered":"\n<p>Redacci\u00f3n\/Zona\nRoja.<\/p>\n\n\n\n<p>Oaxaca de\nJu\u00e1rez, Oax., 5 de junio de 2020.- El conflicto interno por el poder en los\nServicios de Salud de Oaxaca (SSO) deriv\u00f3 en filtraci\u00f3n de im\u00e1genes de una\nconversaci\u00f3n entre el secretario Donato Casas Escamilla y sus subalternos.<\/p>\n\n\n\n<p>Desde un\ncorreo denominado anonimus@oaxaca.gmail.com, hoy en la ma\u00f1ana se revel\u00f3 que al estilo\nde personajes del pasado como en el sexenio de Di\u00f3doro Carrasco Altamirano y\nlos subsecuentes, tanto fue el \u201corejismo\u201d que el propio exgobernador Jos\u00e9 Murat\nofreci\u00f3 una conferencia nacional para poner al descubierto c\u00e1maras y micr\u00f3fonos\nincrustados en palacio de gobierno.<\/p>\n\n\n\n<p>Y es que\nayer fue revelado en medios de comunicaci\u00f3n que el actual director de\nPlaneaci\u00f3n de la Secretar\u00eda de Salud, Vladimir Santos Pineda, personaje cercano\nal secretario Casas Escamilla quien lo ten\u00eda designado como jefe de la Unidad\nde Servicios al Personal de la Direcci\u00f3n de Administraci\u00f3n, en pocas horas fue\nascendido a otro cargo.<\/p>\n\n\n\n<p>Expone\nque ahora se entiende porque el mismo que fue captado dando dinero a un presunto\nperiodista due\u00f1o del medio digital Punto y Aparte, quien se dedica a golpeteo\npol\u00edtico en los SSO y a vivir del embute.<\/p>\n\n\n\n<p>A\u00f1ade que\nla situaci\u00f3n en Salud es clara, pues Donato Casas ha perdido el control y es un\nparapeto que se sostiene a pesar de sus nulos resultados.<\/p>\n\n\n\n<p>\u201cPareciera\nser que ya nadie le hace caso, adem\u00e1s de no tener el perfil m\u00e9dico y por ello\nno puede dirigir una estrategia para entender diagn\u00f3sticos m\u00e9dicos y asumir una\nestrategia para revertir los muertos y la subida terrible de la curva de riesgo\u201d,\nse\u00f1alan.<\/p>\n\n\n\n<p>Exponen que\nel tema terminar\u00e1 en asuntos judiciales y o renuncias por la irresponsabilidad\ndel secretario de no poder operar el sector a su cargo.<\/p>\n\n\n\n<p>Dentro de\nlos mensajes que fueron subidos en este correo hay m\u00e1s funcionarios\ninvolucrados y donde se aprecia que Donato Casas est\u00e1 preocupado y busca\naccionar a toda costa para poder tener control ante sus malas decisiones en la\nconducci\u00f3n de la secretar\u00eda.<\/p>\n\n\n\n<p>Durante\nla revelaci\u00f3n de estos mensajes hay de otros funcionaros locales y federales\ndonde se exhibe la deslealtad al gobernador y la lucha del poder, entre estos tambi\u00e9n\nen esta condici\u00f3n est\u00e1n Antonio Amaro Cancino y Jorge Toledo Luis; aparecen\nalgunos diputados y subsecretarios de gobierno.<\/p>\n\n\n\n<p>El correo\nque filtr\u00f3 conversaciones y datos revela fotograf\u00edas de propiedades de Eviel\nP\u00e9rez Maga\u00f1a en Yucat\u00e1n y sus negocios en Quer\u00e9taro de una cadena de\nrestaurantes, entre otras cosas.<\/p>\n\n\n\n<p>As\u00ed las cosas, en Oaxaca, mientras el Covid19 mata personas y desborda loa hospitales, personajes pelean el poder por intereses.<\/p>\n\n\n\n<figure class=\"wp-block-image\"><img decoding=\"async\" width=\"539\" height=\"960\" src=\"http:\/\/www.zonaroja.com.mx\/wp-content\/uploads\/2020\/06\/Conversaciones-SSO-1.jpg\" alt=\"\" class=\"wp-image-13347\" srcset=\"https:\/\/zonaroja.com.mx\/wp-content\/uploads\/2020\/06\/Conversaciones-SSO-1.jpg 539w, https:\/\/zonaroja.com.mx\/wp-content\/uploads\/2020\/06\/Conversaciones-SSO-1-168x300.jpg 168w\" sizes=\"(max-width: 539px) 100vw, 539px\" \/><\/figure>\n\n\n\n<figure class=\"wp-block-image\"><img decoding=\"async\" width=\"473\" height=\"1024\" src=\"http:\/\/www.zonaroja.com.mx\/wp-content\/uploads\/2020\/06\/Conversaciones-SSO-5-473x1024.jpg\" alt=\"\" class=\"wp-image-13348\" srcset=\"https:\/\/zonaroja.com.mx\/wp-content\/uploads\/2020\/06\/Conversaciones-SSO-5-473x1024.jpg 473w, https:\/\/zonaroja.com.mx\/wp-content\/uploads\/2020\/06\/Conversaciones-SSO-5-139x300.jpg 139w, https:\/\/zonaroja.com.mx\/wp-content\/uploads\/2020\/06\/Conversaciones-SSO-5-585x1267.jpg 585w, https:\/\/zonaroja.com.mx\/wp-content\/uploads\/2020\/06\/Conversaciones-SSO-5.jpg 591w\" sizes=\"(max-width: 473px) 100vw, 473px\" \/><\/figure>\n\n\n\n<figure class=\"wp-block-image\"><img decoding=\"async\" width=\"444\" height=\"960\" src=\"http:\/\/www.zonaroja.com.mx\/wp-content\/uploads\/2020\/06\/Conversaciones-SSO-2.jpg\" alt=\"\" class=\"wp-image-13349\" srcset=\"https:\/\/zonaroja.com.mx\/wp-content\/uploads\/2020\/06\/Conversaciones-SSO-2.jpg 444w, https:\/\/zonaroja.com.mx\/wp-content\/uploads\/2020\/06\/Conversaciones-SSO-2-139x300.jpg 139w\" sizes=\"(max-width: 444px) 100vw, 444px\" \/><\/figure>\n\n\n\n<figure class=\"wp-block-image\"><img decoding=\"async\" width=\"444\" height=\"960\" src=\"http:\/\/www.zonaroja.com.mx\/wp-content\/uploads\/2020\/06\/Conversaciones-SSO-2-1.jpg\" alt=\"\" class=\"wp-image-13350\" srcset=\"https:\/\/zonaroja.com.mx\/wp-content\/uploads\/2020\/06\/Conversaciones-SSO-2-1.jpg 444w, https:\/\/zonaroja.com.mx\/wp-content\/uploads\/2020\/06\/Conversaciones-SSO-2-1-139x300.jpg 139w\" sizes=\"(max-width: 444px) 100vw, 444px\" \/><\/figure>\n","protected":false},"excerpt":{"rendered":"<p>Redacci\u00f3n\/Zona Roja. Oaxaca de Ju\u00e1rez, Oax., 5 de junio de 2020.- El conflicto interno por&hellip;<\/p>\n","protected":false},"author":2,"featured_media":13346,"comment_status":"closed","ping_status":"open","sticky":false,"template":"","format":"standard","meta":{"_lmt_disableupdate":"","_lmt_disable":"","_jetpack_memberships_contains_paid_content":false,"footnotes":""},"categories":[109,47],"tags":[1005],"class_list":["post-13345","post","type-post","status-publish","format-standard","has-post-thumbnail","hentry","category-minuto-a-minuto","category-zona-gris","tag-servicios-de-salud-de-oaxaca-sso"],"jetpack_featured_media_url":"https:\/\/zonaroja.com.mx\/wp-content\/uploads\/2020\/06\/Whats-sso.jpg","jetpack_sharing_enabled":true,"_links":{"self":[{"href":"https:\/\/zonaroja.com.mx\/index.php?rest_route=\/wp\/v2\/posts\/13345","targetHints":{"allow":["GET"]}}],"collection":[{"href":"https:\/\/zonaroja.com.mx\/index.php?rest_route=\/wp\/v2\/posts"}],"about":[{"href":"https:\/\/zonaroja.com.mx\/index.php?rest_route=\/wp\/v2\/types\/post"}],"author":[{"embeddable":true,"href":"https:\/\/zonaroja.com.mx\/index.php?rest_route=\/wp\/v2\/users\/2"}],"replies":[{"embeddable":true,"href":"https:\/\/zonaroja.com.mx\/index.php?rest_route=%2Fwp%2Fv2%2Fcomments&post=13345"}],"version-history":[{"count":1,"href":"https:\/\/zonaroja.com.mx\/index.php?rest_route=\/wp\/v2\/posts\/13345\/revisions"}],"predecessor-version":[{"id":13352,"href":"https:\/\/zonaroja.com.mx\/index.php?rest_route=\/wp\/v2\/posts\/13345\/revisions\/13352"}],"wp:featuredmedia":[{"embeddable":true,"href":"https:\/\/zonaroja.com.mx\/index.php?rest_route=\/wp\/v2\/media\/13346"}],"wp:attachment":[{"href":"https:\/\/zonaroja.com.mx\/index.php?rest_route=%2Fwp%2Fv2%2Fmedia&parent=13345"}],"wp:term":[{"taxonomy":"category","embeddable":true,"href":"https:\/\/zonaroja.com.mx\/index.php?rest_route=%2Fwp%2Fv2%2Fcategories&post=13345"},{"taxonomy":"post_tag","embeddable":true,"href":"https:\/\/zonaroja.com.mx\/index.php?rest_route=%2Fwp%2Fv2%2Ftags&post=13345"}],"curies":[{"name":"wp","href":"https:\/\/api.w.org\/{rel}","templated":true}]}}