{"id":13353,"date":"2020-06-05T13:52:01","date_gmt":"2020-06-05T18:52:01","guid":{"rendered":"http:\/\/www.zonaroja.com.mx\/?p=13353"},"modified":"2020-06-05T13:52:04","modified_gmt":"2020-06-05T18:52:04","slug":"director-de-seguridad-publica-acusa-a-diputada-federal-del-pan-de-lio-en-la-policia","status":"publish","type":"post","link":"https:\/\/zonaroja.com.mx\/?p=13353","title":{"rendered":"Director de seguridad p\u00fablica acusa a diputada federal del PAN de l\u00edo en la polic\u00eda"},"content":{"rendered":"\n<p>Yuridiana\nSosa\/Zona Roja.<\/p>\n\n\n\n<p>Oaxaca de Ju\u00e1rez, Oax., 5 de junio de 2020.-\u00a0 Sin precisar el origen de los se\u00f1alamientos para acreditar los mismos, el director de Seguridad P\u00fablica, Vialidad y Protecci\u00f3n Ciudadana de Oaxaca de Ju\u00e1rez, Aquileo S\u00e1nchez Castellanos, acus\u00f3 a la diputada federal panista, Alejandra Garc\u00eda Morlan, de incitar a las protestas de los elementos municipales en la capital.<\/p>\n\n\n\n<p>El funcionario\nse\u00f1al\u00f3 a la legisladora del Partido Acci\u00f3n Nacional (PAN) luego que la\noaxaque\u00f1a realiz\u00f3 de forma p\u00fablica, a trav\u00e9s de su cuenta de Twitter, lo que\nconsider\u00f3 irregularidades y falta de criterio en el uso los recursos p\u00fablicos\npara proteger a los elementos de seguridad municipal frente a la contingencia\npor Covid.<\/p>\n\n\n\n<p>Un d\u00eda\nanterior, el 2 de junio, la diputada public\u00f3 \u201cEl colmo de la insensatez ver\nc\u00f3mo el Pdte @MunicipioOaxaca @oswaldogarciaj ocupa recurso del FORTASEG en\ncapacitaci\u00f3n para polic\u00edas en su universidad UNIVAS en lugar de utilizarlo para\nequipamiento de protecci\u00f3n vs el Covid19 teniendo la posibilidad de reprogramar\u201d,\na la que a\u00f1adi\u00f3 documentos.<\/p>\n\n\n\n<p>El\nencargado del orden en la capital respondi\u00f3 que lo dicho por la diputada era\nfalso, pero la responsabiliz\u00f3 de las protestas y pretender paralizar las\nactividades de la Polic\u00eda Municipal.<\/p>\n\n\n\n<p>Garc\u00eda Morlan, a trav\u00e9s de un acuse entregado que tambi\u00e9n public\u00f3, conden\u00f3 que el funcionario municipal realice calumnias hacia su ella, con lo que \u201cs\u00f3lo se refrenda la intolerancia de su jefe, el presidente municipal (Oswaldo Garc\u00eda Jarqu\u00edn)\u201d.<\/p>\n\n\n\n<p>A trav\u00e9s\nde un documento, la legisladora y ex regidora del ayuntamiento capitalino, precis\u00f3\nque lo \u00fanico que seg\u00fan el portal electr\u00f3nico del ayuntamiento, el \u00fanico gasto\nque se ha hecho es compra de material de protecci\u00f3n por 104 mil 121 pesos, sin\ndesglose ni detalles.<\/p>\n\n\n\n<p>Asimismo,\ncuenta a trav\u00e9s del Programa de Fortalecimiento para la Seguridad P\u00fablica con\nun mill\u00f3n 415 mil 320 pesos, que debieran ocupar para comprar m\u00e1s insumos y\nprotecci\u00f3n para los polic\u00edas.<\/p>\n\n\n\n<p>\u201cEst\u00e1\ndem\u00e1s responder a su se\u00f1alamiento sobre que una servidora es promotora de \u2018fallidos\nintentos de paro de labores\u2019 de la Polic\u00eda Municipal. Su se\u00f1alamiento es\ntemerario hacia mi persona y s\u00f3lo demuestra la intolerancia que se vive en la\npolic\u00eda municipal, as\u00ed que lo invito a que demuestre su afirmaci\u00f3n o se\nretracte\u201d, remarc\u00f3.<\/p>\n","protected":false},"excerpt":{"rendered":"<p>Yuridiana Sosa\/Zona Roja. Oaxaca de Ju\u00e1rez, Oax., 5 de junio de 2020.-\u00a0 Sin precisar el&hellip;<\/p>\n","protected":false},"author":2,"featured_media":13354,"comment_status":"closed","ping_status":"open","sticky":false,"template":"","format":"standard","meta":{"_lmt_disableupdate":"","_lmt_disable":"","_jetpack_memberships_contains_paid_content":false,"footnotes":""},"categories":[109,47],"tags":[1734],"class_list":["post-13353","post","type-post","status-publish","format-standard","has-post-thumbnail","hentry","category-minuto-a-minuto","category-zona-gris","tag-alejandra-garcia-morlan"],"jetpack_featured_media_url":"https:\/\/zonaroja.com.mx\/wp-content\/uploads\/2020\/06\/IMG_6718.jpg","jetpack_sharing_enabled":true,"_links":{"self":[{"href":"https:\/\/zonaroja.com.mx\/index.php?rest_route=\/wp\/v2\/posts\/13353","targetHints":{"allow":["GET"]}}],"collection":[{"href":"https:\/\/zonaroja.com.mx\/index.php?rest_route=\/wp\/v2\/posts"}],"about":[{"href":"https:\/\/zonaroja.com.mx\/index.php?rest_route=\/wp\/v2\/types\/post"}],"author":[{"embeddable":true,"href":"https:\/\/zonaroja.com.mx\/index.php?rest_route=\/wp\/v2\/users\/2"}],"replies":[{"embeddable":true,"href":"https:\/\/zonaroja.com.mx\/index.php?rest_route=%2Fwp%2Fv2%2Fcomments&post=13353"}],"version-history":[{"count":1,"href":"https:\/\/zonaroja.com.mx\/index.php?rest_route=\/wp\/v2\/posts\/13353\/revisions"}],"predecessor-version":[{"id":13355,"href":"https:\/\/zonaroja.com.mx\/index.php?rest_route=\/wp\/v2\/posts\/13353\/revisions\/13355"}],"wp:featuredmedia":[{"embeddable":true,"href":"https:\/\/zonaroja.com.mx\/index.php?rest_route=\/wp\/v2\/media\/13354"}],"wp:attachment":[{"href":"https:\/\/zonaroja.com.mx\/index.php?rest_route=%2Fwp%2Fv2%2Fmedia&parent=13353"}],"wp:term":[{"taxonomy":"category","embeddable":true,"href":"https:\/\/zonaroja.com.mx\/index.php?rest_route=%2Fwp%2Fv2%2Fcategories&post=13353"},{"taxonomy":"post_tag","embeddable":true,"href":"https:\/\/zonaroja.com.mx\/index.php?rest_route=%2Fwp%2Fv2%2Ftags&post=13353"}],"curies":[{"name":"wp","href":"https:\/\/api.w.org\/{rel}","templated":true}]}}