{"id":13363,"date":"2020-06-05T16:22:23","date_gmt":"2020-06-05T21:22:23","guid":{"rendered":"http:\/\/www.zonaroja.com.mx\/?p=13363"},"modified":"2020-06-05T16:22:27","modified_gmt":"2020-06-05T21:22:27","slug":"crisis-ambiental-realidad-que-no-quieren-ver-sociedad-y-autoridades","status":"publish","type":"post","link":"https:\/\/zonaroja.com.mx\/?p=13363","title":{"rendered":"Crisis ambiental, realidad que no quieren ver sociedad y autoridades"},"content":{"rendered":"\n<p>Evlin\nArag\u00f3n\/Zona Roja.<\/p>\n\n\n\n<p>Oaxaca de\nJu\u00e1rez, Oax., 5 de junio de 2020.- \u201cHoy d\u00eda internacional del medio ambiente,\nnada que festinar. Seguimos cavando nuestra propia tumba. Perd\u00f3n Madre Tierra\u201d.<\/p>\n\n\n\n<p>Son las\npalabras que el ambientalista Nasario Garc\u00eda Ram\u00edrez utiliz\u00f3 para ilustrar sus\nredes sociales en el marco del D\u00eda Mundial del Medio Ambiente.<\/p>\n\n\n\n<p>Y es que\nhan sido d\u00e9cadas en las que Garc\u00eda Ram\u00edrez ha alertado a la sociedad y las\nautoridades de la importancia que tiene el cuidado del medio ambiente, sin que\na\u00fan existan pol\u00edticas p\u00fablicas que permitan avances sustanciales en el tema,\nque incluso se ve como de segunda o tercera importancia en el mundo entero.<\/p>\n\n\n\n<p>Recientemente\nel ambientalista denunci\u00f3 en sus redes, los da\u00f1os irreparables en el r\u00edo\n\u201cTejolote\u201d ubicado en inmediaciones de la agencia municipal de San Felipe del\nAgua, que antes de ser zona residencial era conocida por su amplia vegetaci\u00f3n y\nsus cascadas de agua.<\/p>\n\n\n\n<p>\u201cPor este\nmedio me permiti\u00f3 denunciar este nuevo crimen en San Felipe del Agua, el que\nfuera una microcuenca, el r\u00edo \u201cTecolote\u201d, est\u00e1 siendo soterrado por escombro y\nun drenaje, para varia, en el centro de donde fluye el agua de temporal\u201d, dijo\na la par que pidi\u00f3 sin \u00e9xito la intervenci\u00f3n de las autoridades.<\/p>\n\n\n\n<p>La misma\nsituaci\u00f3n se vive en el r\u00edo \u201cGuayabal\u201d ubicado en la misma zona, donde las\nconstrucciones de viviendas, que adem\u00e1s no cuentan con el permiso de uso de\nsuelo por lo que violentan las leyes y decretos ambientales, hacen sus\ndescargas residuales en la afluente, contraviniendo las leyes en la zona.<\/p>\n\n\n\n<p>Para el\nambientalista la crisis del agua es una realidad, al igual que la indiferencia\nde la sociedad en general y la omisi\u00f3n por parte de las autoridades que\nparecieran no darse cuenta de la grave contaminaci\u00f3n en los r\u00edos, que adem\u00e1s\nm\u00e1s reducen su afluente.&nbsp; <\/p>\n\n\n\n<p>CRISIS EN\nM\u00c9XICO<\/p>\n\n\n\n<p>La\ncomplicada situaci\u00f3n que enfrenta el medio ambiente en M\u00e9xico la confirman\ndatos del INEGI que refieren que tambi\u00e9n los residuos s\u00f3lidos se han convertido\nen un verdadero problema pendiente por atender por parte de las autoridades, ya\nque como resultado de las actividades econ\u00f3micas, sociales y culturales de la\nvida cotidiana, durante 2018 se recolectaron diariamente en promedio 107\nmillones 055 mil 547 kilogramos de residuos s\u00f3lidos urbanos en el territorio\nnacional.<\/p>\n\n\n\n<p>\u201cEntre\n2010 y 2018, el incremento fue de 20 mil 713.127 kilogramos diarios en\npromedio. Lo anterior equivale a recoger diariamente 854 gramos de residuos\ns\u00f3lidos por persona\u201d, refiere la dependencia.<\/p>\n\n\n\n<p>La\nproblem\u00e1tica tambi\u00e9n radica en los sitios de disposici\u00f3n final de los residuos,\nya que de los dos mil 203 reportados para el a\u00f1o 2016, s\u00f3lo 173 contaban con\ninfraestructura para una disposici\u00f3n adecuada de basura recolectada y dos mil\n030 sitios de disposici\u00f3n final carec\u00edan de infraestructura para una correcta\ncontenci\u00f3n y control de las emisiones al aire, suelo y agua que resultan de la\ndisposici\u00f3n de esos residuos.<\/p>\n\n\n\n<p>La\ninstancia tambi\u00e9n reporta que, durante el 2018, s\u00f3lo 787 municipio del pa\u00eds\ncontaban con servicio de tratamiento de aguas residuales, a la par que se\nregistraron 12 mil 170 asentamientos humanos irregulares y 5 mil 385\nasentamientos en zonas de riesgo.<\/p>\n\n\n\n<p>Este 5 de\njunio y por decreto de la Organizaci\u00f3n de las Naciones Unidas, se conmemora el\nD\u00eda Mundial del Medio Ambiente, con la finalidad de destacar la importancia de\nla protecci\u00f3n y el mejoramiento del medio ambiente como una necesidad\nfundamental para el bienestar de los pueblos y el desarrollo econ\u00f3mico del\nmundo entero.<\/p>\n","protected":false},"excerpt":{"rendered":"<p>Evlin Arag\u00f3n\/Zona Roja. Oaxaca de Ju\u00e1rez, Oax., 5 de junio de 2020.- \u201cHoy d\u00eda internacional&hellip;<\/p>\n","protected":false},"author":2,"featured_media":13364,"comment_status":"closed","ping_status":"open","sticky":false,"template":"","format":"standard","meta":{"_lmt_disableupdate":"","_lmt_disable":"","_jetpack_memberships_contains_paid_content":false,"footnotes":""},"categories":[109,52],"tags":[1735],"class_list":["post-13363","post","type-post","status-publish","format-standard","has-post-thumbnail","hentry","category-minuto-a-minuto","category-zona-verde","tag-dia-mundial-del-medio-ambiente"],"jetpack_featured_media_url":"https:\/\/zonaroja.com.mx\/wp-content\/uploads\/2020\/06\/D\u00eda-Mundial-Medio-Ambiente.jpg","jetpack_sharing_enabled":true,"_links":{"self":[{"href":"https:\/\/zonaroja.com.mx\/index.php?rest_route=\/wp\/v2\/posts\/13363","targetHints":{"allow":["GET"]}}],"collection":[{"href":"https:\/\/zonaroja.com.mx\/index.php?rest_route=\/wp\/v2\/posts"}],"about":[{"href":"https:\/\/zonaroja.com.mx\/index.php?rest_route=\/wp\/v2\/types\/post"}],"author":[{"embeddable":true,"href":"https:\/\/zonaroja.com.mx\/index.php?rest_route=\/wp\/v2\/users\/2"}],"replies":[{"embeddable":true,"href":"https:\/\/zonaroja.com.mx\/index.php?rest_route=%2Fwp%2Fv2%2Fcomments&post=13363"}],"version-history":[{"count":1,"href":"https:\/\/zonaroja.com.mx\/index.php?rest_route=\/wp\/v2\/posts\/13363\/revisions"}],"predecessor-version":[{"id":13365,"href":"https:\/\/zonaroja.com.mx\/index.php?rest_route=\/wp\/v2\/posts\/13363\/revisions\/13365"}],"wp:featuredmedia":[{"embeddable":true,"href":"https:\/\/zonaroja.com.mx\/index.php?rest_route=\/wp\/v2\/media\/13364"}],"wp:attachment":[{"href":"https:\/\/zonaroja.com.mx\/index.php?rest_route=%2Fwp%2Fv2%2Fmedia&parent=13363"}],"wp:term":[{"taxonomy":"category","embeddable":true,"href":"https:\/\/zonaroja.com.mx\/index.php?rest_route=%2Fwp%2Fv2%2Fcategories&post=13363"},{"taxonomy":"post_tag","embeddable":true,"href":"https:\/\/zonaroja.com.mx\/index.php?rest_route=%2Fwp%2Fv2%2Ftags&post=13363"}],"curies":[{"name":"wp","href":"https:\/\/api.w.org\/{rel}","templated":true}]}}