{"id":13369,"date":"2020-06-05T21:00:09","date_gmt":"2020-06-06T02:00:09","guid":{"rendered":"http:\/\/www.zonaroja.com.mx\/?p=13369"},"modified":"2020-06-05T21:08:08","modified_gmt":"2020-06-06T02:08:08","slug":"regidores-de-santa-lucia-denuncian-negligencia-de-edil-en-contagios","status":"publish","type":"post","link":"https:\/\/zonaroja.com.mx\/?p=13369","title":{"rendered":"Regidores de Santa Luc\u00eda denuncian negligencia de edil en contagios"},"content":{"rendered":"\n<p>Yuridiana\nSosa\/Zona Roja.<\/p>\n\n\n\n<p>Oaxaca de\nJu\u00e1rez, Oax., 5 de junio 2020.- Regidores del ayuntamiento de Santa Luc\u00eda del\nCaminos, Oaxaca, se\u00f1alaron incapacidad y negligencia el edil Dante Monta\u00f1o Montero\nsobre la propagaci\u00f3n del Covid-19 entre la plantilla laboral y elementos de la\nPolic\u00eda Municipal.<\/p>\n\n\n\n<p>Por la\nfalta de capacidad para la implementaci\u00f3n de acciones preventivas a favor de la\npoblaci\u00f3n, los concejales exigieron una convocatoria para sesi\u00f3n extraordinaria\nde Cabildo y aprobar otras estrategias, as\u00ed como exigir servicios m\u00e9dicos para\nel personal.<\/p>\n\n\n\n<p>Los\nregidores de Equidad de G\u00e9nero y Grupos Vulnerables, Nallely Ortiz Jim\u00e9nez; de\nGesti\u00f3n Gubernamental, Jes\u00fas L\u00f3pez Rodr\u00edguez; de Obras, Adri\u00e1n P\u00e9rez Rojas; de\nDerechos Humanos, Hemerson Cort\u00e9s Vicente y de Salud y Ecolog\u00eda, Maximina Carmela\nCruz Mart\u00ednez, se\u00f1alaron que la muerte de su compa\u00f1ero regidor fue parte de la\nnegligencia del edil al no proporcionar los insumos y protecci\u00f3n para continuar\ncon sus actividades.<\/p>\n\n\n\n<p>De\nacuerdo a un documento p\u00fablico por parte de los inconformes, Dante Monta\u00f1o\nejerce de forma deshonesta y corrupta los recursos p\u00fablicos destinados a la\ncontenci\u00f3n de la pandemia en ese municipio conurbado a la capital.<\/p>\n\n\n\n<p>Afirmaron que existen \u201cincuantificable\u201d n\u00famero de polic\u00edas municipales, trabajadores, recolectores de basura y personal operativo del municipio que est\u00e1n contagiados, por lo que exigieron la realizaci\u00f3n de la prueba de detecci\u00f3n a todo el personal del municipio.<\/p>\n\n\n\n<p>En los\nCentros de Salud del municipio, aseguraron, no cuentan con medicamentos para\nenfrentar otras enfermedades frente a la pandemia, tampoco con material y\nequipo de protecci\u00f3n para el para el personal que labora en esos espacios de\natenci\u00f3n m\u00e9dica.<\/p>\n\n\n\n<p>Los\nregidores demandaron rendici\u00f3n de cuentas de manera transparente y difusi\u00f3n de\ninformaci\u00f3n a trav\u00e9s de redes sociales sobre el destino del gasto p\u00fablico para\nesta contingencia.<\/p>\n","protected":false},"excerpt":{"rendered":"<p>Yuridiana Sosa\/Zona Roja. Oaxaca de Ju\u00e1rez, Oax., 5 de junio 2020.- Regidores del ayuntamiento de&hellip;<\/p>\n","protected":false},"author":2,"featured_media":13370,"comment_status":"closed","ping_status":"open","sticky":false,"template":"","format":"standard","meta":{"_lmt_disableupdate":"","_lmt_disable":"","_jetpack_memberships_contains_paid_content":false,"footnotes":""},"categories":[109,47],"tags":[585,337],"class_list":["post-13369","post","type-post","status-publish","format-standard","has-post-thumbnail","hentry","category-minuto-a-minuto","category-zona-gris","tag-dante-montano-montero","tag-santa-lucia-del-camino"],"jetpack_featured_media_url":"https:\/\/zonaroja.com.mx\/wp-content\/uploads\/2020\/06\/Cl\u00ednica-Santa-Luc\u00eda.png","jetpack_sharing_enabled":true,"_links":{"self":[{"href":"https:\/\/zonaroja.com.mx\/index.php?rest_route=\/wp\/v2\/posts\/13369","targetHints":{"allow":["GET"]}}],"collection":[{"href":"https:\/\/zonaroja.com.mx\/index.php?rest_route=\/wp\/v2\/posts"}],"about":[{"href":"https:\/\/zonaroja.com.mx\/index.php?rest_route=\/wp\/v2\/types\/post"}],"author":[{"embeddable":true,"href":"https:\/\/zonaroja.com.mx\/index.php?rest_route=\/wp\/v2\/users\/2"}],"replies":[{"embeddable":true,"href":"https:\/\/zonaroja.com.mx\/index.php?rest_route=%2Fwp%2Fv2%2Fcomments&post=13369"}],"version-history":[{"count":2,"href":"https:\/\/zonaroja.com.mx\/index.php?rest_route=\/wp\/v2\/posts\/13369\/revisions"}],"predecessor-version":[{"id":13373,"href":"https:\/\/zonaroja.com.mx\/index.php?rest_route=\/wp\/v2\/posts\/13369\/revisions\/13373"}],"wp:featuredmedia":[{"embeddable":true,"href":"https:\/\/zonaroja.com.mx\/index.php?rest_route=\/wp\/v2\/media\/13370"}],"wp:attachment":[{"href":"https:\/\/zonaroja.com.mx\/index.php?rest_route=%2Fwp%2Fv2%2Fmedia&parent=13369"}],"wp:term":[{"taxonomy":"category","embeddable":true,"href":"https:\/\/zonaroja.com.mx\/index.php?rest_route=%2Fwp%2Fv2%2Fcategories&post=13369"},{"taxonomy":"post_tag","embeddable":true,"href":"https:\/\/zonaroja.com.mx\/index.php?rest_route=%2Fwp%2Fv2%2Ftags&post=13369"}],"curies":[{"name":"wp","href":"https:\/\/api.w.org\/{rel}","templated":true}]}}