{"id":13374,"date":"2020-06-05T21:36:43","date_gmt":"2020-06-06T02:36:43","guid":{"rendered":"http:\/\/www.zonaroja.com.mx\/?p=13374"},"modified":"2020-06-05T21:36:46","modified_gmt":"2020-06-06T02:36:46","slug":"funcionaria-denuncia-violencia-de-genero-en-el-instituto-catastral-de-oaxaca","status":"publish","type":"post","link":"https:\/\/zonaroja.com.mx\/?p=13374","title":{"rendered":"Funcionaria denuncia violencia de g\u00e9nero en el Instituto Catastral de Oaxaca"},"content":{"rendered":"\n<p>Yuridiana\nSosa\/Zona Roja.<\/p>\n\n\n\n<p>Oaxaca de\nJu\u00e1rez, Oax., 5 de junio de 2020.-&nbsp;\nAbusos de autoridad laboral, hostigamiento y amenazas, son algunos de\nlos actos de violencia de g\u00e9nero de los que es v\u00edctima Cristy Reyna \u00c1lvarez,\nuna servidora p\u00fablica del Instituto Catastral del Estado de Oaxaca, por parte\nde sus superiores.<\/p>\n\n\n\n<p>Debido a\nlos constantes ataques y hostigamientos para que firme la renuncia al cargo\ncomo Jefa del Departamento 16B en la delegaci\u00f3n de Miahuatl\u00e1n, Reyna \u00c1lvarez\ndemand\u00f3 al gobernador Alejandro Murat su intervenci\u00f3n en el caso y cese a la\nviolencia de g\u00e9nero.<\/p>\n\n\n\n<p>Pero,\nadem\u00e1s, a trav\u00e9s de un documento dirigido al mandatario, la trabajadora expuso\nque el director del Instituto Catastral, Jorge Z\u00e1rate Medina, y el jefe de la\nUnidad de Delegaciones Catastrales, Ra\u00fal Marcelino Garc\u00eda Mart\u00ednez, justifican\nlas presiones en que \u201cson \u00f3rdenes del gobernador\u201d para que abandone su cargo y\n\u201ccolocar a sus amigos\u201d en esos puestos.<\/p>\n\n\n\n<p>La\nservidora, con siete a\u00f1os en su puesto, se\u00f1al\u00f3 que recibe que las amenazas con\nconstantes y cada vez mayores, de forma personal y v\u00eda telef\u00f3nica, el \u00faltimo\nabuso cometido el pasado 25 de mayo cuando por \u00f3rdenes de sus superiores\nextrajeron de su oficina, sellos, tomos de expedientes concluidos, formas\noficiales, computadoras y discos duros.<\/p>\n\n\n\n<p>Cristy\nReyna atribuy\u00f3 esos actos como una manera de fincarle algunas responsabilidades\ny orillarla a renunciar su puesto, para lo cual tambi\u00e9n ya le ordenaron no presentarse\na trabajar, as\u00ed como le advirtieron que a partir de la pr\u00f3xima quincena dejar\u00e1\nde percibir su salario.<\/p>\n\n\n\n<p>La mujer,\nrecord\u00f3 al gobernador que respecto a ese tipo de actos existen existe un juicio\nde amparo de suspensi\u00f3n a su favor, el cual no se respeta.<\/p>\n\n\n\n<p>La\ntrabajadora indic\u00f3 al mandatario la eficiencia en la unidad de trabajo que\ndirige y en la que adem\u00e1s no existen rezagos o quejas, incluso con labores\ndurante la contingencia.<\/p>\n\n\n\n<p>El Juicio\nde Amparo con n\u00famero 335\/2020 est\u00e1 radicado en la Mesa 1A del Juzgado Cuarto de\nDistrito. Tambi\u00e9n tiene interpuesta una denuncia ante la representaci\u00f3n de la\nFiscal\u00eda General del Estado con sede en Miahuatl\u00e1n del Porfirio D\u00edaz, bajo la\nCarpeta de Investigaci\u00f3n 16688FMIA\/2020, por el delito de robo y robo de documentos\noficiales, sustra\u00eddos de su oficina.<\/p>\n","protected":false},"excerpt":{"rendered":"<p>Yuridiana Sosa\/Zona Roja. Oaxaca de Ju\u00e1rez, Oax., 5 de junio de 2020.-&nbsp; Abusos de autoridad&hellip;<\/p>\n","protected":false},"author":2,"featured_media":13375,"comment_status":"closed","ping_status":"open","sticky":false,"template":"","format":"standard","meta":{"_lmt_disableupdate":"","_lmt_disable":"","_jetpack_memberships_contains_paid_content":false,"footnotes":""},"categories":[109,47],"tags":[1737,1736],"class_list":["post-13374","post","type-post","status-publish","format-standard","has-post-thumbnail","hentry","category-minuto-a-minuto","category-zona-gris","tag-instituto-catastral-del-estado-de-oaxaca","tag-jorge-zarate-medina"],"jetpack_featured_media_url":"https:\/\/zonaroja.com.mx\/wp-content\/uploads\/2020\/06\/Jorge-Z\u00e1rate-Medina.jpg","jetpack_sharing_enabled":true,"_links":{"self":[{"href":"https:\/\/zonaroja.com.mx\/index.php?rest_route=\/wp\/v2\/posts\/13374","targetHints":{"allow":["GET"]}}],"collection":[{"href":"https:\/\/zonaroja.com.mx\/index.php?rest_route=\/wp\/v2\/posts"}],"about":[{"href":"https:\/\/zonaroja.com.mx\/index.php?rest_route=\/wp\/v2\/types\/post"}],"author":[{"embeddable":true,"href":"https:\/\/zonaroja.com.mx\/index.php?rest_route=\/wp\/v2\/users\/2"}],"replies":[{"embeddable":true,"href":"https:\/\/zonaroja.com.mx\/index.php?rest_route=%2Fwp%2Fv2%2Fcomments&post=13374"}],"version-history":[{"count":1,"href":"https:\/\/zonaroja.com.mx\/index.php?rest_route=\/wp\/v2\/posts\/13374\/revisions"}],"predecessor-version":[{"id":13376,"href":"https:\/\/zonaroja.com.mx\/index.php?rest_route=\/wp\/v2\/posts\/13374\/revisions\/13376"}],"wp:featuredmedia":[{"embeddable":true,"href":"https:\/\/zonaroja.com.mx\/index.php?rest_route=\/wp\/v2\/media\/13375"}],"wp:attachment":[{"href":"https:\/\/zonaroja.com.mx\/index.php?rest_route=%2Fwp%2Fv2%2Fmedia&parent=13374"}],"wp:term":[{"taxonomy":"category","embeddable":true,"href":"https:\/\/zonaroja.com.mx\/index.php?rest_route=%2Fwp%2Fv2%2Fcategories&post=13374"},{"taxonomy":"post_tag","embeddable":true,"href":"https:\/\/zonaroja.com.mx\/index.php?rest_route=%2Fwp%2Fv2%2Ftags&post=13374"}],"curies":[{"name":"wp","href":"https:\/\/api.w.org\/{rel}","templated":true}]}}