{"id":13384,"date":"2020-06-06T08:19:54","date_gmt":"2020-06-06T13:19:54","guid":{"rendered":"http:\/\/www.zonaroja.com.mx\/?p=13384"},"modified":"2020-06-06T08:19:58","modified_gmt":"2020-06-06T13:19:58","slug":"inicia-cierre-por-tres-dias-de-mercado-de-abasto-de-oaxaca-por-covid","status":"publish","type":"post","link":"https:\/\/zonaroja.com.mx\/?p=13384","title":{"rendered":"Inicia cierre por tres d\u00edas de Mercado de Abasto de Oaxaca, por Covid"},"content":{"rendered":"\n<p>Redacci\u00f3n\/Zona\nRoja.<\/p>\n\n\n\n<p>Oaxaca de\nJu\u00e1rez., 6 de junio de 2020.- A casi un mes despu\u00e9s de haber sido declarado\ncomo zona de alto riesgo por contagio del coronavirus Covid-19, autoridades y\ncomerciantes coincidieron en cerrar a partir de hoy y por tres d\u00edas, la Central\nde Abasto de la ciudad de Oaxaca.<\/p>\n\n\n\n<p>La\ncapital del estado es el municipio con mayor n\u00famero de casos del virus, al registrar\nhasta anoche 557 casos positivos y 44 defunciones.<\/p>\n\n\n\n<p>En distintas ocasiones, el Gobierno del Estado y el ayuntamiento hab\u00edan realizado labores de sanitizaci\u00f3n pero por \u00e1reas y en vialidades del contorno del centro comercial m\u00e1s grande de la entidad.<\/p>\n\n\n\n<figure class=\"wp-block-embed-twitter wp-block-embed is-type-rich is-provider-twitter\"><div class=\"wp-block-embed__wrapper\">\n<div class=\"twitter-tweet\"><blockquote class=\"twitter-tweet\" data-lang=\"es\"><p lang=\"es\" dir=\"ltr\"><a href=\"https:\/\/twitter.com\/hashtag\/%C3%9AltimaHora?src=hash&amp;ref_src=twsrc%5Etfw\">#\u00daltimaHora<\/a><br>Con el apoyo de corporaciones policiacas de la <a href=\"https:\/\/twitter.com\/SSP_GobOax?ref_src=twsrc%5Etfw\">@SSP_GobOax<\/a>, desde la media noche de ayer inici\u00f3 el cierre de todo el Mercado de Abasto de la ciudad de Oaxaca, que ser\u00e1 por tres d\u00edas, a fin de evitar aumento de contagios por Covid-19. <a href=\"https:\/\/t.co\/WsNykEHIU0\">pic.twitter.com\/WsNykEHIU0<\/a><\/p>&mdash; Zona Roja Oaxaca (@MexRoja) <a href=\"https:\/\/twitter.com\/MexRoja\/status\/1269243427721367552?ref_src=twsrc%5Etfw\">6 de junio de 2020<\/a><\/blockquote><\/div>\n<\/div><\/figure>\n\n\n\n<p>Finalmente,\ny tras acuerdo con los comerciantes, desde anoche inici\u00f3 el cierre del Mercado\nde Abasto, con el apoyo de elementos de la Polic\u00eda Estatal y Polic\u00eda Vial de la\nSecretar\u00eda de Seguridad P\u00fablica de Oaxaca.<\/p>\n\n\n\n<p>Tras\nello, se colocaron vallas en la mayor\u00eda de los accesos y esta ma\u00f1ana iniciaron\nlabores de sanitizaci\u00f3n, con personal de los Servicios de Salud, de Protecci\u00f3n\nCivil estatal y del ayuntamiento.<\/p>\n\n\n\n<p>No\nobstante, de acuerdo con algunos comerciantes, el \u00e1rea de bodegas no fue cerrado\ny contin\u00faa la descarga de diversos art\u00edculos, principalmente provenientes del\nestado de Puebla.<\/p>\n","protected":false},"excerpt":{"rendered":"<p>Redacci\u00f3n\/Zona Roja. Oaxaca de Ju\u00e1rez., 6 de junio de 2020.- A casi un mes despu\u00e9s&hellip;<\/p>\n","protected":false},"author":2,"featured_media":13385,"comment_status":"closed","ping_status":"open","sticky":false,"template":"","format":"standard","meta":{"_lmt_disableupdate":"","_lmt_disable":"","_jetpack_memberships_contains_paid_content":false,"footnotes":""},"categories":[109,47],"tags":[1512,1077],"class_list":["post-13384","post","type-post","status-publish","format-standard","has-post-thumbnail","hentry","category-minuto-a-minuto","category-zona-gris","tag-coronavirus-oaxaca","tag-mercado-de-abasto-ciudad-de-oaxaca"],"jetpack_featured_media_url":"https:\/\/zonaroja.com.mx\/wp-content\/uploads\/2020\/06\/Cierre-Mercado-de-Abasto.jpg","jetpack_sharing_enabled":true,"_links":{"self":[{"href":"https:\/\/zonaroja.com.mx\/index.php?rest_route=\/wp\/v2\/posts\/13384","targetHints":{"allow":["GET"]}}],"collection":[{"href":"https:\/\/zonaroja.com.mx\/index.php?rest_route=\/wp\/v2\/posts"}],"about":[{"href":"https:\/\/zonaroja.com.mx\/index.php?rest_route=\/wp\/v2\/types\/post"}],"author":[{"embeddable":true,"href":"https:\/\/zonaroja.com.mx\/index.php?rest_route=\/wp\/v2\/users\/2"}],"replies":[{"embeddable":true,"href":"https:\/\/zonaroja.com.mx\/index.php?rest_route=%2Fwp%2Fv2%2Fcomments&post=13384"}],"version-history":[{"count":1,"href":"https:\/\/zonaroja.com.mx\/index.php?rest_route=\/wp\/v2\/posts\/13384\/revisions"}],"predecessor-version":[{"id":13386,"href":"https:\/\/zonaroja.com.mx\/index.php?rest_route=\/wp\/v2\/posts\/13384\/revisions\/13386"}],"wp:featuredmedia":[{"embeddable":true,"href":"https:\/\/zonaroja.com.mx\/index.php?rest_route=\/wp\/v2\/media\/13385"}],"wp:attachment":[{"href":"https:\/\/zonaroja.com.mx\/index.php?rest_route=%2Fwp%2Fv2%2Fmedia&parent=13384"}],"wp:term":[{"taxonomy":"category","embeddable":true,"href":"https:\/\/zonaroja.com.mx\/index.php?rest_route=%2Fwp%2Fv2%2Fcategories&post=13384"},{"taxonomy":"post_tag","embeddable":true,"href":"https:\/\/zonaroja.com.mx\/index.php?rest_route=%2Fwp%2Fv2%2Ftags&post=13384"}],"curies":[{"name":"wp","href":"https:\/\/api.w.org\/{rel}","templated":true}]}}