{"id":13387,"date":"2020-06-06T08:24:07","date_gmt":"2020-06-06T13:24:07","guid":{"rendered":"http:\/\/www.zonaroja.com.mx\/?p=13387"},"modified":"2020-06-06T08:24:11","modified_gmt":"2020-06-06T13:24:11","slug":"la-uabjo-apoya-aislamiento-total-para-abatir-el-covid-19","status":"publish","type":"post","link":"https:\/\/zonaroja.com.mx\/?p=13387","title":{"rendered":"La UABJO apoya aislamiento total para abatir el Covid-19"},"content":{"rendered":"\n<p>Yuridiana\nSosa\/Zona Roja.<\/p>\n\n\n\n<p>Oaxaca de\nJu\u00e1rez, Oax., 6 de junio de 2020.- La Universidad Aut\u00f3noma \u201cBenito Ju\u00e1rez\u201d de\nOaxaca (UABJO) se sum\u00f3 al llamado voluntario que lanz\u00f3 el gobernador Alejandro\nMurat para un aislamiento total por 10 d\u00edas en la regi\u00f3n de Valles Centrales.<\/p>\n\n\n\n<p>El rector\nde la instituci\u00f3n, Eduardo Bautista Mart\u00ednez, manifest\u00f3 el respaldo a esta\nmedida para tratar de contener los contagios por Covid-19 en esa zona de la\nentidad y de forma particular en la capital del estado, que presenta el mayor\nn\u00famero de casos confirmados y defunciones.<\/p>\n\n\n\n<p>Por lo que llam\u00f3 a la comunidad universitaria &#8211;conformada por m\u00e1s de 30 mil personas&#8211; y sus familias a permanecer en casa, con acato a las indicaciones de las autoridades estatales y federales.<\/p>\n\n\n\n<figure class=\"wp-block-embed-twitter wp-block-embed is-type-rich is-provider-twitter\"><div class=\"wp-block-embed__wrapper\">\n<div class=\"twitter-tweet\"><blockquote class=\"twitter-tweet\" data-lang=\"es\"><p lang=\"es\" dir=\"ltr\"><a href=\"https:\/\/twitter.com\/hashtag\/ComunicadoOficial?src=hash&amp;ref_src=twsrc%5Etfw\">#ComunicadoOficial<\/a><br>A la comunidad universitaria:<br>Ante el incremento del n\u00famero de contagios por COVID 19, se recomienda e informa lo siguiente:<br>La <a href=\"https:\/\/twitter.com\/UABJO?ref_src=twsrc%5Etfw\">@UABJO<\/a> se suma al llamado del Gobernador <a href=\"https:\/\/twitter.com\/alejandromurat?ref_src=twsrc%5Etfw\">@alejandromurat<\/a> de aislamiento total a partir del d\u00eda viernes 5 de junio hasta el d\u00eda 15 <a href=\"https:\/\/t.co\/RYXPRlGWB2\">pic.twitter.com\/RYXPRlGWB2<\/a><\/p>&mdash; Comunicaci\u00f3nUABJO (@comunica_UABJO) <a href=\"https:\/\/twitter.com\/comunica_UABJO\/status\/1268943082155839488?ref_src=twsrc%5Etfw\">5 de junio de 2020<\/a><\/blockquote><\/div>\n<\/div><\/figure>\n\n\n\n<p>\u201cTenemos\nla responsabilidad de colaborar como ciudadanos y tambi\u00e9n de forma\ninstitucional, por el beneficio de las familias oaxaque\u00f1as para frenar la curva\nepidemiol\u00f3gica\u201d, indic\u00f3 en su mensaje el rector.<\/p>\n\n\n\n<p>El\naislamiento est\u00e1 convocado a realizarse de forma voluntaria desde este 5 de\njunio hasta el pr\u00f3ximo 15 de junio y s\u00f3lo salir de casa por alguna emergencia,\nactividades de salud o alimentarias.<\/p>\n\n\n\n<p>Anoche,\nla entidad oaxaque\u00f1a alcanz\u00f3 los dos mil casos de contagiados por coronavirus,\nas\u00ed como 218 personas fallecidas.<\/p>\n","protected":false},"excerpt":{"rendered":"<p>Yuridiana Sosa\/Zona Roja. Oaxaca de Ju\u00e1rez, Oax., 6 de junio de 2020.- La Universidad Aut\u00f3noma&hellip;<\/p>\n","protected":false},"author":2,"featured_media":12677,"comment_status":"closed","ping_status":"open","sticky":false,"template":"","format":"standard","meta":{"_lmt_disableupdate":"","_lmt_disable":"","_jetpack_memberships_contains_paid_content":false,"footnotes":""},"categories":[109,47],"tags":[1512,360],"class_list":["post-13387","post","type-post","status-publish","format-standard","has-post-thumbnail","hentry","category-minuto-a-minuto","category-zona-gris","tag-coronavirus-oaxaca","tag-rector-eduardo-bautista-martinez"],"jetpack_featured_media_url":"https:\/\/zonaroja.com.mx\/wp-content\/uploads\/2020\/05\/Eduardo-Bautista.jpg","jetpack_sharing_enabled":true,"_links":{"self":[{"href":"https:\/\/zonaroja.com.mx\/index.php?rest_route=\/wp\/v2\/posts\/13387","targetHints":{"allow":["GET"]}}],"collection":[{"href":"https:\/\/zonaroja.com.mx\/index.php?rest_route=\/wp\/v2\/posts"}],"about":[{"href":"https:\/\/zonaroja.com.mx\/index.php?rest_route=\/wp\/v2\/types\/post"}],"author":[{"embeddable":true,"href":"https:\/\/zonaroja.com.mx\/index.php?rest_route=\/wp\/v2\/users\/2"}],"replies":[{"embeddable":true,"href":"https:\/\/zonaroja.com.mx\/index.php?rest_route=%2Fwp%2Fv2%2Fcomments&post=13387"}],"version-history":[{"count":1,"href":"https:\/\/zonaroja.com.mx\/index.php?rest_route=\/wp\/v2\/posts\/13387\/revisions"}],"predecessor-version":[{"id":13388,"href":"https:\/\/zonaroja.com.mx\/index.php?rest_route=\/wp\/v2\/posts\/13387\/revisions\/13388"}],"wp:featuredmedia":[{"embeddable":true,"href":"https:\/\/zonaroja.com.mx\/index.php?rest_route=\/wp\/v2\/media\/12677"}],"wp:attachment":[{"href":"https:\/\/zonaroja.com.mx\/index.php?rest_route=%2Fwp%2Fv2%2Fmedia&parent=13387"}],"wp:term":[{"taxonomy":"category","embeddable":true,"href":"https:\/\/zonaroja.com.mx\/index.php?rest_route=%2Fwp%2Fv2%2Fcategories&post=13387"},{"taxonomy":"post_tag","embeddable":true,"href":"https:\/\/zonaroja.com.mx\/index.php?rest_route=%2Fwp%2Fv2%2Ftags&post=13387"}],"curies":[{"name":"wp","href":"https:\/\/api.w.org\/{rel}","templated":true}]}}