{"id":13389,"date":"2020-06-06T08:53:45","date_gmt":"2020-06-06T13:53:45","guid":{"rendered":"http:\/\/www.zonaroja.com.mx\/?p=13389"},"modified":"2020-06-06T08:54:02","modified_gmt":"2020-06-06T13:54:02","slug":"asesinato-de-giovanni-confronta-a-presidente-y-gobernador-de-jalisco","status":"publish","type":"post","link":"https:\/\/zonaroja.com.mx\/?p=13389","title":{"rendered":"Asesinato de Giovanni confronta a Presidente y gobernador de Jalisco"},"content":{"rendered":"\n<p>Redacci\u00f3n\/Zona\nRoja Cdmx. Imagen: El Siglo de Coahuila<\/p>\n\n\n\n<p>Ciudad de\nM\u00e9xico, 6 de junio de 2020.- Adem\u00e1s de disturbios, protestas, vandalismo y\ndetenciones arbitrarias, el asesinato de Giovanni L\u00f3pez desat\u00f3 una confrontaci\u00f3n\nentre el Presidente de M\u00e9xico y el gobernador de Jalisco.<\/p>\n\n\n\n<p>Enrique\nAlfaro, mandatario jalisciense surgido del Partido Movimiento Ciudadano,\nasegur\u00f3 al titular del Ejecutivo federal, Andr\u00e9s Manuel L\u00f3pez Obrador, que\n\u201cgente cercana, de su gobierno y de su partido, le est\u00e1 apostando a la\nviolencia para seguir manteniendo el poder, para seguir cuidando sus intereses\ny sus agendas personales\u201d<\/p>\n\n\n\n<p>\u201cLe digo\nal Presidente de M\u00e9xico que \u00e9l, como jefe de Estado, est\u00e1 obligado moralmente a\natender una petici\u00f3n puntual, respetuosa que hacemos desde el gobierno de\nJalisco. Este es un asunto organizado desde los s\u00f3tanos del poder de la Ciudad\nde M\u00e9xico y que tiene much\u00edsimas evidencias\u201d, dijo.<\/p>\n\n\n\n<p>En\nentrevista con \u201cHeraldo Media Group\u201d, Alfaro puntualiz\u00f3 que el Presidente tiene\nque \u201cponer orden o de lo contrario ser\u00e1 c\u00f3mplice por omisi\u00f3n de las acciones de\nla gente de su gobierno y de su partido\u201d, que est\u00e1 apostando por generar un\nambiente de confrontaci\u00f3n para atacar a los gobiernos de oposici\u00f3n.<\/p>\n\n\n\n<p>Reproch\u00f3\nque no hubo comunicaci\u00f3n con el gobierno federal y que lo \u00fanico que hizo la\nsecretaria de Gobernaci\u00f3n, Olga S\u00e1nchez Cordero, fue \u201cdeclarar mentiras y\natacar el gobierno de Jalisco\u201d.<\/p>\n\n\n\n<p>Por su\nparte, en la conferencia ma\u00f1anera, el presidente L\u00f3pez Obrador le pidi\u00f3 a\nAlfaro que si tiene pruebas de sus dichos, que las d\u00e9 a conocer. \u201cEl que acusa\ntiene que probar para actuar de manera responsable\u201d, se\u00f1al\u00f3.<\/p>\n\n\n\n<p>Puntualiz\u00f3\nque no se mete en temas partidistas y que cada quien tiene que asumir sus\nresponsabilidades. \u201cNo tenemos inter\u00e9s en pelearnos con ning\u00fan gobernador,\ntenemos inter\u00e9s en enfrentar los grandes y graves problemas nacionales, a eso\nme dedico\u201d.<\/p>\n\n\n\n<p>Reconoci\u00f3\nque tiene diferencias pol\u00edticas e ideol\u00f3gicas, con el mandatario de Jalisco,\npero sostuvo que no es \u201cjefe de grupo ni de partido, represento al Estado\nMexicano, no tengo ning\u00fan prop\u00f3sito de afectar autoridades locales\u201d.<\/p>\n\n\n\n<p>Lamento\nlos hechos \u2013a\u00f1adi\u00f3\u2013 porque estoy a favor de resolver soy partidario de la no\nviolencia y espero que se aclaren las cosas\u201d. Dijo que en este asunto no puede\nintervenir Gobernaci\u00f3n y que, en todo caso, corresponde a la Comisi\u00f3n Nacional\nde los Derechos Humanos.<\/p>\n\n\n\n<p>A su vez,\nlos senadores de Morena exigieron a Alfaro esclarecer la muerte de Giovanni.\nRicardo Monreal demand\u00f3 al gobernador no generar divisi\u00f3n. \u201cNo es aconsejable\nprofundizar las diferencias ni acudir a se\u00f1alamientos que no est\u00e9n basados en\npruebas\u201d.<\/p>\n\n\n\n<p>Ocho\ngobernadores del bloque interestatal cerraron filas con el mandatario de\nJalisco, Enrique Alfaro, tras los hechos violentos del jueves.<\/p>\n","protected":false},"excerpt":{"rendered":"<p>Redacci\u00f3n\/Zona Roja Cdmx. Imagen: El Siglo de Coahuila Ciudad de M\u00e9xico, 6 de junio de&hellip;<\/p>\n","protected":false},"author":2,"featured_media":13390,"comment_status":"closed","ping_status":"open","sticky":false,"template":"","format":"standard","meta":{"_lmt_disableupdate":"","_lmt_disable":"","_jetpack_memberships_contains_paid_content":false,"footnotes":""},"categories":[109,47],"tags":[1738],"class_list":["post-13389","post","type-post","status-publish","format-standard","has-post-thumbnail","hentry","category-minuto-a-minuto","category-zona-gris","tag-giovanni-lopez"],"jetpack_featured_media_url":"https:\/\/zonaroja.com.mx\/wp-content\/uploads\/2020\/06\/AMLO-y-Alfaro.jpeg","jetpack_sharing_enabled":true,"_links":{"self":[{"href":"https:\/\/zonaroja.com.mx\/index.php?rest_route=\/wp\/v2\/posts\/13389","targetHints":{"allow":["GET"]}}],"collection":[{"href":"https:\/\/zonaroja.com.mx\/index.php?rest_route=\/wp\/v2\/posts"}],"about":[{"href":"https:\/\/zonaroja.com.mx\/index.php?rest_route=\/wp\/v2\/types\/post"}],"author":[{"embeddable":true,"href":"https:\/\/zonaroja.com.mx\/index.php?rest_route=\/wp\/v2\/users\/2"}],"replies":[{"embeddable":true,"href":"https:\/\/zonaroja.com.mx\/index.php?rest_route=%2Fwp%2Fv2%2Fcomments&post=13389"}],"version-history":[{"count":1,"href":"https:\/\/zonaroja.com.mx\/index.php?rest_route=\/wp\/v2\/posts\/13389\/revisions"}],"predecessor-version":[{"id":13391,"href":"https:\/\/zonaroja.com.mx\/index.php?rest_route=\/wp\/v2\/posts\/13389\/revisions\/13391"}],"wp:featuredmedia":[{"embeddable":true,"href":"https:\/\/zonaroja.com.mx\/index.php?rest_route=\/wp\/v2\/media\/13390"}],"wp:attachment":[{"href":"https:\/\/zonaroja.com.mx\/index.php?rest_route=%2Fwp%2Fv2%2Fmedia&parent=13389"}],"wp:term":[{"taxonomy":"category","embeddable":true,"href":"https:\/\/zonaroja.com.mx\/index.php?rest_route=%2Fwp%2Fv2%2Fcategories&post=13389"},{"taxonomy":"post_tag","embeddable":true,"href":"https:\/\/zonaroja.com.mx\/index.php?rest_route=%2Fwp%2Fv2%2Ftags&post=13389"}],"curies":[{"name":"wp","href":"https:\/\/api.w.org\/{rel}","templated":true}]}}