{"id":13392,"date":"2020-06-06T09:29:47","date_gmt":"2020-06-06T14:29:47","guid":{"rendered":"http:\/\/www.zonaroja.com.mx\/?p=13392"},"modified":"2020-06-06T09:29:53","modified_gmt":"2020-06-06T14:29:53","slug":"reinstalan-a-funcionario-de-santa-lucia-del-camino-que-golpeo-a-una-mujer","status":"publish","type":"post","link":"https:\/\/zonaroja.com.mx\/?p=13392","title":{"rendered":"Reinstalan a funcionario de Santa Luc\u00eda del Camino que golpe\u00f3 a una mujer"},"content":{"rendered":"\n<p>Redacci\u00f3n\/Zona\nRoja.<\/p>\n\n\n\n<p>Oaxaca de\nJu\u00e1rez, Oax., 6 de junio de 2020.- A pesar de haber encarcelado y violentando\nf\u00edsicamente a su ex pareja, el funcionario Iv\u00e1n Miguel Barreto Terrazas,\nresponsable del \u00e1rea de comunicaci\u00f3n social de Santa Luc\u00eda del Camino, fue\nreinstalado en su puesto sin que se concretara alguna sanci\u00f3n por parte de la\nadministraci\u00f3n que encabeza el edil de Morena, Dante Monta\u00f1o Montero.<\/p>\n\n\n\n<p>Seg\u00fan se\ndio a conocer, el pasado 24 de marzo de 2019 el citado funcionario golpe\u00f3 a Liz\nS. S. en la v\u00eda p\u00fablica en la localidad de San Sebasti\u00e1n Tutla y solicit\u00f3 el\napoyo de la polic\u00eda para trasladar a la acusada y un veh\u00edculo particular a los\nseparos del cuartel municipal.<\/p>\n\n\n\n<p>Tras\nhacerse p\u00fablica la agresi\u00f3n d\u00edas despu\u00e9s, Barreto Terrazas supuestamente fue\ndestituido de su cargo por el edil Dante Monta\u00f1o por abuso de autoridad. <\/p>\n\n\n\n<p>Sin\nembargo, solo fue por un tiempo toda vez que el influyentismo se impuso y el\nprobable agresor retom\u00f3 sus actividades de manera discreta en el ayuntamiento.<\/p>\n\n\n\n<p>En el\nexpediente 9847\/FMUS\/UDUF\/2019 del Centro de Justicia para las Mujeres (Cejum)\nde la Fiscal\u00eda General de Justicia de Oaxaca, la afectada refiri\u00f3 que recibi\u00f3\npu\u00f1etazos, patadas y golpes, adem\u00e1s fue v\u00edctima de abuso de poder por polic\u00edas\nde Santa Luc\u00eda del Camino.<\/p>\n\n\n\n<p>Tambi\u00e9n\nfue auxiliada por un familiar quien pag\u00f3 una multa de tres mil 800 pesos para\nque la dejaran salir de los separos acusada del delito de \u201cescandalizar en la\nv\u00eda p\u00fablica\u201d.<\/p>\n\n\n\n<p>No\nobstante, el titular de comunicaci\u00f3n social es visto frecuentemente en\nactividades oficiales, incluso a la fecha se ostenta como el responsable de\natender la imagen del alcalde Dante Monta\u00f1o.<\/p>\n\n\n\n<p>Adem\u00e1s,\nel funcionario es acusado de entorpecer los enlaces de comunicaci\u00f3n del\nayuntamiento de manera constante.<\/p>\n","protected":false},"excerpt":{"rendered":"<p>Redacci\u00f3n\/Zona Roja. Oaxaca de Ju\u00e1rez, Oax., 6 de junio de 2020.- A pesar de haber&hellip;<\/p>\n","protected":false},"author":2,"featured_media":13393,"comment_status":"closed","ping_status":"open","sticky":false,"template":"","format":"standard","meta":{"_lmt_disableupdate":"","_lmt_disable":"","_jetpack_memberships_contains_paid_content":false,"footnotes":""},"categories":[109,47],"tags":[337],"class_list":["post-13392","post","type-post","status-publish","format-standard","has-post-thumbnail","hentry","category-minuto-a-minuto","category-zona-gris","tag-santa-lucia-del-camino"],"jetpack_featured_media_url":"https:\/\/zonaroja.com.mx\/wp-content\/uploads\/2020\/06\/Santa-Luc\u00eda-del-Camino.jpg","jetpack_sharing_enabled":true,"_links":{"self":[{"href":"https:\/\/zonaroja.com.mx\/index.php?rest_route=\/wp\/v2\/posts\/13392","targetHints":{"allow":["GET"]}}],"collection":[{"href":"https:\/\/zonaroja.com.mx\/index.php?rest_route=\/wp\/v2\/posts"}],"about":[{"href":"https:\/\/zonaroja.com.mx\/index.php?rest_route=\/wp\/v2\/types\/post"}],"author":[{"embeddable":true,"href":"https:\/\/zonaroja.com.mx\/index.php?rest_route=\/wp\/v2\/users\/2"}],"replies":[{"embeddable":true,"href":"https:\/\/zonaroja.com.mx\/index.php?rest_route=%2Fwp%2Fv2%2Fcomments&post=13392"}],"version-history":[{"count":1,"href":"https:\/\/zonaroja.com.mx\/index.php?rest_route=\/wp\/v2\/posts\/13392\/revisions"}],"predecessor-version":[{"id":13394,"href":"https:\/\/zonaroja.com.mx\/index.php?rest_route=\/wp\/v2\/posts\/13392\/revisions\/13394"}],"wp:featuredmedia":[{"embeddable":true,"href":"https:\/\/zonaroja.com.mx\/index.php?rest_route=\/wp\/v2\/media\/13393"}],"wp:attachment":[{"href":"https:\/\/zonaroja.com.mx\/index.php?rest_route=%2Fwp%2Fv2%2Fmedia&parent=13392"}],"wp:term":[{"taxonomy":"category","embeddable":true,"href":"https:\/\/zonaroja.com.mx\/index.php?rest_route=%2Fwp%2Fv2%2Fcategories&post=13392"},{"taxonomy":"post_tag","embeddable":true,"href":"https:\/\/zonaroja.com.mx\/index.php?rest_route=%2Fwp%2Fv2%2Ftags&post=13392"}],"curies":[{"name":"wp","href":"https:\/\/api.w.org\/{rel}","templated":true}]}}