{"id":13395,"date":"2020-06-06T09:37:44","date_gmt":"2020-06-06T14:37:44","guid":{"rendered":"http:\/\/www.zonaroja.com.mx\/?p=13395"},"modified":"2020-06-06T09:37:47","modified_gmt":"2020-06-06T14:37:47","slug":"mantiene-poder-judicial-de-oaxaca-acciones-de-capacitacion-pese-a-pandemia","status":"publish","type":"post","link":"https:\/\/zonaroja.com.mx\/?p=13395","title":{"rendered":"Mantiene Poder Judicial de Oaxaca acciones de capacitaci\u00f3n, pese a pandemia"},"content":{"rendered":"\n<p>Redacci\u00f3n\/Zona\nRoja.<\/p>\n\n\n\n<p>Oaxaca de\nJu\u00e1rez, Oax., 6 de junio de 2020.- Operadores del sistema de justicia penal del\nPoder Judicial en diferentes regiones del estado, participan en el curso en\nl\u00ednea \u201cEjecuci\u00f3n Penal\u201d, impartido por Asistencia Legal por los Derechos\nHumanos A.C. (AsiLegal).<\/p>\n\n\n\n<p>El\nadiestramiento virtual tiene como objetivo contribuir a la implementaci\u00f3n de la\netapa de ejecuci\u00f3n penal en el sistema de justicia, desde un enfoque de\nderechos humanos.<\/p>\n\n\n\n<p>Junto con\nservidores p\u00fablicos judiciales de otras entidades del pa\u00eds, adquirir\u00e1n los\nconocimientos te\u00f3ricos que les permitan desempe\u00f1ar su labor jurisdiccional con\napego a los derechos humanos y al debido proceso, lo cual redundar\u00e1 en la\nexacta aplicaci\u00f3n de la Ley Nacional de Ejecuci\u00f3n Penal, indispensable para la\ndespresurizaci\u00f3n de los sistemas penitenciarios de la entidad.<\/p>\n\n\n\n<p>Esto,\ncomo una de las primeras acciones derivadas del convenio de colaboraci\u00f3n que el\ntitular del Poder Judicial, Eduardo Pinacho S\u00e1nchez, y el director general de\nAsiLegal, Maestro Jos\u00e9 Luis Guti\u00e9rrez firmaron recientemente, con el objetivo\nde impulsar diversas acciones de capacitaci\u00f3n, an\u00e1lisis e investigaci\u00f3n que\ncontribuyan al acceso a la justicia para las personas que se encuentran en\nsituaci\u00f3n de vulnerabilidad y conflicto con la ley.<\/p>\n\n\n\n<p>A trav\u00e9s\nde la plataforma de formaci\u00f3n en l\u00ednea de AsiLegal, el curso comprende 10\nunidades y 100 horas de aprendizaje, mismo que incluir\u00e1 evaluaciones\ndiagn\u00f3sticas, tutor\u00edas con especialistas en la materia, como Diego Mart\u00ednez y Ver\u00f3nica\nGarz\u00f3n, adem\u00e1s de lecturas complementarias, an\u00e1lisis de material audiovisual y\ndiversos ex\u00e1menes, para avalar la adquisici\u00f3n de los conocimientos necesarios y\nque podr\u00e1n aplicar en los diferentes juzgados y \u00e1reas jurisdiccionales del\nPoder Judicial.<\/p>\n\n\n\n<p>Entre los\ntemas se encuentran: Los modelos penitenciarios desde 1917 hasta 2008; Reforma\nconstitucional de 2008; Reformas adicionales que impactan en el sistema de\nejecuci\u00f3n penal; la Ley Nacional de Ejecuci\u00f3n Penal, su promulgaci\u00f3n y\nprogresiva entrada en vigor; Medios para lograr la reinserci\u00f3n social a la luz\nde los tratados internacionales; Instrumentos internacionales de protecci\u00f3n de\nlos derechos humanos de las personas privadas de su libertad, entre otros.<\/p>\n\n\n\n<p>Cabe\ndestacar que, desde el inicio de su administraci\u00f3n, el Presidente del Tribunal\nSuperior de Justicia y del Consejo de la Judicatura, Eduardo Pinacho S\u00e1nchez,\nestableci\u00f3 como eje prioritario, el fortalecimiento de la administraci\u00f3n de\njusticia con perspectiva de g\u00e9nero y protecci\u00f3n a los derechos humanos de las y\nlos justiciables, instruyendo a las y los servidores judiciales a juzgar con un\nenfoque humanizado.<\/p>\n","protected":false},"excerpt":{"rendered":"<p>Redacci\u00f3n\/Zona Roja. Oaxaca de Ju\u00e1rez, Oax., 6 de junio de 2020.- Operadores del sistema de&hellip;<\/p>\n","protected":false},"author":2,"featured_media":13396,"comment_status":"closed","ping_status":"open","sticky":false,"template":"","format":"standard","meta":{"_lmt_disableupdate":"","_lmt_disable":"","_jetpack_memberships_contains_paid_content":false,"footnotes":""},"categories":[109,46],"tags":[1225,223],"class_list":["post-13395","post","type-post","status-publish","format-standard","has-post-thumbnail","hentry","category-minuto-a-minuto","category-zona-blanca","tag-eduardo-pinacho-sanchez","tag-poder-judicial-de-oaxaca"],"jetpack_featured_media_url":"https:\/\/zonaroja.com.mx\/wp-content\/uploads\/2020\/06\/cursoasilegal.jpeg","jetpack_sharing_enabled":true,"_links":{"self":[{"href":"https:\/\/zonaroja.com.mx\/index.php?rest_route=\/wp\/v2\/posts\/13395","targetHints":{"allow":["GET"]}}],"collection":[{"href":"https:\/\/zonaroja.com.mx\/index.php?rest_route=\/wp\/v2\/posts"}],"about":[{"href":"https:\/\/zonaroja.com.mx\/index.php?rest_route=\/wp\/v2\/types\/post"}],"author":[{"embeddable":true,"href":"https:\/\/zonaroja.com.mx\/index.php?rest_route=\/wp\/v2\/users\/2"}],"replies":[{"embeddable":true,"href":"https:\/\/zonaroja.com.mx\/index.php?rest_route=%2Fwp%2Fv2%2Fcomments&post=13395"}],"version-history":[{"count":1,"href":"https:\/\/zonaroja.com.mx\/index.php?rest_route=\/wp\/v2\/posts\/13395\/revisions"}],"predecessor-version":[{"id":13397,"href":"https:\/\/zonaroja.com.mx\/index.php?rest_route=\/wp\/v2\/posts\/13395\/revisions\/13397"}],"wp:featuredmedia":[{"embeddable":true,"href":"https:\/\/zonaroja.com.mx\/index.php?rest_route=\/wp\/v2\/media\/13396"}],"wp:attachment":[{"href":"https:\/\/zonaroja.com.mx\/index.php?rest_route=%2Fwp%2Fv2%2Fmedia&parent=13395"}],"wp:term":[{"taxonomy":"category","embeddable":true,"href":"https:\/\/zonaroja.com.mx\/index.php?rest_route=%2Fwp%2Fv2%2Fcategories&post=13395"},{"taxonomy":"post_tag","embeddable":true,"href":"https:\/\/zonaroja.com.mx\/index.php?rest_route=%2Fwp%2Fv2%2Ftags&post=13395"}],"curies":[{"name":"wp","href":"https:\/\/api.w.org\/{rel}","templated":true}]}}