{"id":13401,"date":"2020-06-06T15:37:18","date_gmt":"2020-06-06T20:37:18","guid":{"rendered":"http:\/\/www.zonaroja.com.mx\/?p=13401"},"modified":"2020-06-06T15:37:22","modified_gmt":"2020-06-06T20:37:22","slug":"tres-anos-de-impunidad-y-sin-agua-para-ayutla-mixe","status":"publish","type":"post","link":"https:\/\/zonaroja.com.mx\/?p=13401","title":{"rendered":"Tres a\u00f1os de impunidad y sin agua para Ayutla Mixe"},"content":{"rendered":"\n<p>Evlin\nArag\u00f3n\/Zona Roja.<\/p>\n\n\n\n<p>Oaxaca de\nJu\u00e1rez, Oax., 6 de junio de 2020.- Tres a\u00f1os han pasado desde que la comunidad\nde San Pedro y San Pablo Ayutla, ubicada en la zona Mixe, inicio su recorrido\npara encontrar justicia y agua, sin \u00e9xito alguno. <\/p>\n\n\n\n<p>Su\nleg\u00edtimo derecho al vital liquido sigue sin ser garantizado por las autoridades\nestatales, quienes tampoco han hecho justicia ante los actos violentos\ncometidos por sus vecinos de Tamazul\u00e1pam del Esp\u00edritu Santo.<\/p>\n\n\n\n<p>Despojo\nde tierras, agresiones a mujeres y el asesinato de Luis Juan Guadalupe,\npermanecen en la impunidad y en la memoria de la poblaci\u00f3n que no ha obtenido\njusticia, pese a los m\u00faltiples llamados p\u00fablicos y solicitudes escritas que han\nrealizado a las autoridades estatales que han respondido con total omisi\u00f3n a\nlos hechos.<\/p>\n\n\n\n<p>\u201cEl 5 de\njunio del 2017 signific\u00f3 una fecha lamentable para nuestra comunidad\u2026 Sufrimos\nuna agresi\u00f3n que permanece en nuestras memorias y la recordamos claramente,\nporque no hemos encontrado justicia. A la fecha permanece impunes lo despojo de\nlas islas y los 25 predios cercanos a \u2018El Manantial\u2019, las agresiones contra\ncomuneras y el asesinato de nuestro hermano Luis Juan Guadalupe\u201d, refiere el\ncomunicado emitido por la autoridad municipal.<\/p>\n\n\n\n<p>Durante\ntodo este tiempo la comunidad afectada ha tocado las puertas del Ejecutivo estatal,\nla Secretar\u00eda General de Gobierno, la Comisi\u00f3n Estatal del Agua, la Fiscal\u00eda\nGeneral del Estado, la Secretaria de Gobernaci\u00f3n y la Subsecretar\u00eda de\nDesarrollo Democr\u00e1tico, Participaci\u00f3n Social y Asuntos Religioso, el Instituto\nNacional de los Pueblos Ind\u00edgenas, as\u00ed como de los organismos aut\u00f3nomos en\ndefensa de los derechos humanos, sin respuesta positiva. <\/p>\n\n\n\n<p>Ninguna\nde estas ha cumplido con su palabra al momento de comprometerse p\u00fablica con el\npueblo de Ayutla.<\/p>\n\n\n\n<p>De\nacuerdo con lo expuesto en su comunicado, todas las autoridades, sin excepci\u00f3n,\nhan recurrido a una serie de pretextos para justificar su omisi\u00f3n; el m\u00e1s\nrecurrente un supuesto impedimento legal derivado de los amparos que se han\ninterpuesto para evitar m\u00e1s despojos, y que, aunque han quedado sin efecto, no\nha servido para lograr la reconexi\u00f3n del sistema de agua potable, proveniente\nde su manantial, como principal demanda.<\/p>\n\n\n\n<p>\u201cSe han\nocupado de distorsionar nuestra leg\u00edtima exigencia de justicia; es por ello que\nreiteramos nuestro rechazo absoluto a todo acto de descalificaci\u00f3n y\ncriminalizaci\u00f3n de nuestra lucha por hacer realidad nuestros derechos humanos\u201d,\nrefieren.<\/p>\n\n\n\n<p>Pese a la\nomisi\u00f3n por parte de las autoridades, aseguran que mantendr\u00e1n su lucha hasta\nque la justicia llegue en torno a la reconexi\u00f3n inmediata a su manantial y la\ninvestigaci\u00f3n exhaustiva en el caso de las agresiones de que han sido objeto,\nmisma que debe llevar a juicio a los responsables.<\/p>\n\n\n\n<p>A la par\nque reconocieron el apoyo solidario de organizaciones de derechos humanos,\nactivistas, periodistas y dem\u00e1s personas que se han unido a lo largo de estos\ntres a\u00f1os para hacer eco de la deficiente actuaci\u00f3n por parte de las\nautoridades estatales y federales que no han podido hacerle justicia a una\ncomunidad entera.<\/p>\n","protected":false},"excerpt":{"rendered":"<p>Evlin Arag\u00f3n\/Zona Roja. Oaxaca de Ju\u00e1rez, Oax., 6 de junio de 2020.- Tres a\u00f1os han&hellip;<\/p>\n","protected":false},"author":2,"featured_media":12592,"comment_status":"closed","ping_status":"open","sticky":false,"template":"","format":"standard","meta":{"_lmt_disableupdate":"","_lmt_disable":"","_jetpack_memberships_contains_paid_content":false,"footnotes":""},"categories":[109,47],"tags":[501],"class_list":["post-13401","post","type-post","status-publish","format-standard","has-post-thumbnail","hentry","category-minuto-a-minuto","category-zona-gris","tag-san-pedro-y-san-pablo-ayutla-mixe"],"jetpack_featured_media_url":"https:\/\/zonaroja.com.mx\/wp-content\/uploads\/2020\/05\/Mujer-familia-v\u00edctima-Ayutla.jpg","jetpack_sharing_enabled":true,"_links":{"self":[{"href":"https:\/\/zonaroja.com.mx\/index.php?rest_route=\/wp\/v2\/posts\/13401","targetHints":{"allow":["GET"]}}],"collection":[{"href":"https:\/\/zonaroja.com.mx\/index.php?rest_route=\/wp\/v2\/posts"}],"about":[{"href":"https:\/\/zonaroja.com.mx\/index.php?rest_route=\/wp\/v2\/types\/post"}],"author":[{"embeddable":true,"href":"https:\/\/zonaroja.com.mx\/index.php?rest_route=\/wp\/v2\/users\/2"}],"replies":[{"embeddable":true,"href":"https:\/\/zonaroja.com.mx\/index.php?rest_route=%2Fwp%2Fv2%2Fcomments&post=13401"}],"version-history":[{"count":1,"href":"https:\/\/zonaroja.com.mx\/index.php?rest_route=\/wp\/v2\/posts\/13401\/revisions"}],"predecessor-version":[{"id":13402,"href":"https:\/\/zonaroja.com.mx\/index.php?rest_route=\/wp\/v2\/posts\/13401\/revisions\/13402"}],"wp:featuredmedia":[{"embeddable":true,"href":"https:\/\/zonaroja.com.mx\/index.php?rest_route=\/wp\/v2\/media\/12592"}],"wp:attachment":[{"href":"https:\/\/zonaroja.com.mx\/index.php?rest_route=%2Fwp%2Fv2%2Fmedia&parent=13401"}],"wp:term":[{"taxonomy":"category","embeddable":true,"href":"https:\/\/zonaroja.com.mx\/index.php?rest_route=%2Fwp%2Fv2%2Fcategories&post=13401"},{"taxonomy":"post_tag","embeddable":true,"href":"https:\/\/zonaroja.com.mx\/index.php?rest_route=%2Fwp%2Fv2%2Ftags&post=13401"}],"curies":[{"name":"wp","href":"https:\/\/api.w.org\/{rel}","templated":true}]}}