{"id":13403,"date":"2020-06-06T15:42:40","date_gmt":"2020-06-06T20:42:40","guid":{"rendered":"http:\/\/www.zonaroja.com.mx\/?p=13403"},"modified":"2020-06-06T15:42:43","modified_gmt":"2020-06-06T20:42:43","slug":"un-mes-sin-casandra-en-casa-desaparecio-en-tuxtepec","status":"publish","type":"post","link":"https:\/\/zonaroja.com.mx\/?p=13403","title":{"rendered":"Un mes sin Casandra en casa; desapareci\u00f3 en Tuxtepec"},"content":{"rendered":"\n<p>Yuridiana\nSosa\/Zona Roja.<\/p>\n\n\n\n<p>San Juan\nBautista Tuxtepec, Oax., 6 de junio de 2020.- En medio de la pandemia por\ncoronavirus, Casandra, de 23 a\u00f1os de edad, desapareci\u00f3 el pasado 6 de mayo en\nSan Juan Bautista Tuxtepec, y desde esa fecha su familia exige a la Fiscal\u00eda\nGeneral de Oaxaca su inmediata localizaci\u00f3n y que la regrese a casa.<\/p>\n\n\n\n<p>La joven, madre de dos ni\u00f1os, sali\u00f3 de casa en busca de un empleo para mejorar las condiciones su hogar. Cerca de las 08:30 horas de aquel mi\u00e9rcoles 6 de mayo parti\u00f3 camino la cita programada a las 9:00 horas.<\/p>\n\n\n\n<p>La\nfamilia de Casandra difundi\u00f3 en redes sociales la conversaci\u00f3n con la supuesta\npersona que la emplear\u00eda como trabajadora del hogar, quien la contact\u00f3 con\nurgencia para laborar tres d\u00edas a la semana con un pago de 800 pesos. Pero no\nvolvi\u00f3.<\/p>\n\n\n\n<p>Su ficha sigue\nvigente en la Unidad de B\u00fasqueda de Personas no Localizadas y Desaparecidas de\nla Fiscal\u00eda General de Oaxaca, quien no tiene resultados sobre ella.<\/p>\n\n\n\n<p>La\nfamilia de Casandra se uni\u00f3 la exigencia de los allegados a Itzel Gonz\u00e1lez y\nF\u00e1tima Palacios, desaparecidas en el mes de abril y marzo, respectivamente. Son\ntres j\u00f3venes de las que la FGO no da raz\u00f3n de su localizaci\u00f3n, a pesar que por\nel caso de Itzel existe una persona detenida.<\/p>\n","protected":false},"excerpt":{"rendered":"<p>Yuridiana Sosa\/Zona Roja. San Juan Bautista Tuxtepec, Oax., 6 de junio de 2020.- En medio&hellip;<\/p>\n","protected":false},"author":2,"featured_media":12084,"comment_status":"closed","ping_status":"open","sticky":false,"template":"","format":"standard","meta":{"_lmt_disableupdate":"","_lmt_disable":"","_jetpack_memberships_contains_paid_content":false,"footnotes":""},"categories":[109,47],"tags":[1663,118],"class_list":["post-13403","post","type-post","status-publish","format-standard","has-post-thumbnail","hentry","category-minuto-a-minuto","category-zona-gris","tag-casandra-ramirez-salomon","tag-san-juan-bautista-tuxtepec"],"jetpack_featured_media_url":"https:\/\/zonaroja.com.mx\/wp-content\/uploads\/2020\/05\/PHOTO-2020-05-07-20-08-39.jpg","jetpack_sharing_enabled":true,"_links":{"self":[{"href":"https:\/\/zonaroja.com.mx\/index.php?rest_route=\/wp\/v2\/posts\/13403","targetHints":{"allow":["GET"]}}],"collection":[{"href":"https:\/\/zonaroja.com.mx\/index.php?rest_route=\/wp\/v2\/posts"}],"about":[{"href":"https:\/\/zonaroja.com.mx\/index.php?rest_route=\/wp\/v2\/types\/post"}],"author":[{"embeddable":true,"href":"https:\/\/zonaroja.com.mx\/index.php?rest_route=\/wp\/v2\/users\/2"}],"replies":[{"embeddable":true,"href":"https:\/\/zonaroja.com.mx\/index.php?rest_route=%2Fwp%2Fv2%2Fcomments&post=13403"}],"version-history":[{"count":1,"href":"https:\/\/zonaroja.com.mx\/index.php?rest_route=\/wp\/v2\/posts\/13403\/revisions"}],"predecessor-version":[{"id":13404,"href":"https:\/\/zonaroja.com.mx\/index.php?rest_route=\/wp\/v2\/posts\/13403\/revisions\/13404"}],"wp:featuredmedia":[{"embeddable":true,"href":"https:\/\/zonaroja.com.mx\/index.php?rest_route=\/wp\/v2\/media\/12084"}],"wp:attachment":[{"href":"https:\/\/zonaroja.com.mx\/index.php?rest_route=%2Fwp%2Fv2%2Fmedia&parent=13403"}],"wp:term":[{"taxonomy":"category","embeddable":true,"href":"https:\/\/zonaroja.com.mx\/index.php?rest_route=%2Fwp%2Fv2%2Fcategories&post=13403"},{"taxonomy":"post_tag","embeddable":true,"href":"https:\/\/zonaroja.com.mx\/index.php?rest_route=%2Fwp%2Fv2%2Ftags&post=13403"}],"curies":[{"name":"wp","href":"https:\/\/api.w.org\/{rel}","templated":true}]}}