{"id":13406,"date":"2020-06-06T19:04:31","date_gmt":"2020-06-07T00:04:31","guid":{"rendered":"https:\/\/www.zonaroja.com.mx\/?p=13406"},"modified":"2020-06-06T19:04:34","modified_gmt":"2020-06-07T00:04:34","slug":"servicios-de-salud-privados-aumentan-tarifas-en-plena-contingencia","status":"publish","type":"post","link":"https:\/\/zonaroja.com.mx\/?p=13406","title":{"rendered":"Servicios de salud privados aumentan tarifas en plena contingencia"},"content":{"rendered":"\n<p class=\"p1\">Evlin Arag\u00f3n\/Zona Roja.<\/p>\n\n\n\n<p class=\"p1\">Oaxaca de Ju\u00e1rez, Oax., 6 de junio de 2020.- La delegaci\u00f3n en Oaxaca de la Procuradur\u00eda Federal del Consumidor (Profeco) dio a conocer que conforme a denuncias realizadas en la dependencia, se tiene conocimiento del aumento de precios en los servicios de salud de car\u00e1cter privado en la capital del estado y zona conurbada, as\u00ed como actos de discriminaci\u00f3n a la poblaci\u00f3n consumidora. <\/p>\n\n\n\n<p class=\"p1\">Sin precisar el n\u00famero, la delegada de la instancia federal en Oaxaca, Lourdes Santiago Cruz, asegur\u00f3 que se han registrado reportes v\u00eda telef\u00f3nica en las oficinas de Defensa del Consumidor Zona \u201cBenito Ju\u00e1rez\u201d, que refieren pr\u00e1cticas comerciales desleales por parte de algunas empresas ubicadas en la zona metropolitana.<\/p>\n\n\n\n<p class=\"p1\">Por lo anterior, invit\u00f3 a las empresas a regularizar su pr\u00e1ctica comercial, ya que de lo contrario podr\u00edan hacer acreedoras a sanciones y multas econ\u00f3micas que van de 545  pesos hasta un mill\u00f3n 746 mil pesos, dependiendo de la gravedad de la infracci\u00f3n y la reincidencia.<\/p>\n\n\n\n<p class=\"p1\">En d\u00edas recientes, la dependencia dio inicio a un di\u00e1logo preventivo con proveedores de servicios m\u00e9dicos particulares, a quienes se exhort\u00f3 a no incrementar precios y tarifas, en perjuicio la poblaci\u00f3n consumidora en esta dif\u00edcil etapa de contingencia sanitaria, en la que los servicios de salud p\u00fablica se ven saturados.<\/p>\n\n\n\n<p class=\"p1\">Mediante una reuni\u00f3n virtual, pidi\u00f3 a las empresas del ramo m\u00e9dico que eviten el condicionamiento de servicio y selecci\u00f3n de clientela que tambi\u00e9n han sido reportadas, ya que podr\u00edan constituir actos de discriminaci\u00f3n que podr\u00edan ser sancionado por otras instancias. <\/p>\n\n\n\n<p class=\"p1\">La titular de la Profeco en Oaxaca record\u00f3 a las y los proveedores, las obligaciones comerciales que les impone la Ley Federal de Protecci\u00f3n al Consumidor y la Norma Oficial Mexicana NOM-071-SCFI-2008, mismas que ponderan comportamientos comerciales \u00e9ticos y sin ning\u00fan tipo de abuso con la poblaci\u00f3n consumidora. <\/p>\n\n\n\n<p class=\"p1\">En el encuentro participaron representantes del Hospital de Urgencias M\u00e9dicas, Hospital Florencia, Hospital Santa Anita, Hospital San Martin Caballero, Hospital \u00c1ngel Vasconcelos, Hospital San Lucas, M\u00e9dica Quir\u00fargica Santa \u00darsula de Oaxaca, Hospital San Juanito, Cl\u00ednica Monserrat, Hospital de Carmen y de la Asociaci\u00f3n de Cl\u00ednicas y Hospitales Privados del Estado de Oaxaca. <\/p>\n\n\n\n<p class=\"p1\">Ah\u00ed, la Profeco reiter\u00f3 el respeto a los precios y tarifas previamente dados a conocer a las y los usuarios de sus servicios, mientras que las empresas y prestadores de servicios de salud de corte privado se comprometieron a garantizar una conducta comercial responsable a la altura de lo que la poblaci\u00f3n exige. <\/p>\n\n\n\n<p class=\"p1\">Finalmente, Santiago Cruz invit\u00f3 a las y los consumidores a seguir realizando las denuncias correspondiente las cuales pueden realizarse v\u00eda telef\u00f3nica a lo n\u00fameros <a href=\"tel:951%20425%2056%2080\">951 425 56 80<\/a>, <a href=\"tel:951%20364%2016%2010\">951 364 16 10<\/a>  y <a href=\"tel:951%20234%2065%2035\">951 234 65 35<\/a>. As\u00ed como el correo electr\u00f3nico: <a href=\"mailto:oaxaca@profeco.gob.mx\">oaxaca@profeco.gob.mx<\/a>.<\/p>\n","protected":false},"excerpt":{"rendered":"<p>Evlin Arag\u00f3n\/Zona Roja. Oaxaca de Ju\u00e1rez, Oax., 6 de junio de 2020.- La delegaci\u00f3n en&hellip;<\/p>\n","protected":false},"author":2,"featured_media":13405,"comment_status":"closed","ping_status":"open","sticky":false,"template":"","format":"standard","meta":{"_lmt_disableupdate":"","_lmt_disable":"","_jetpack_memberships_contains_paid_content":false,"footnotes":""},"categories":[109,47],"tags":[],"class_list":["post-13406","post","type-post","status-publish","format-standard","has-post-thumbnail","hentry","category-minuto-a-minuto","category-zona-gris"],"jetpack_featured_media_url":"https:\/\/zonaroja.com.mx\/wp-content\/uploads\/2020\/06\/2a873869-e4aa-447c-a086-fa1a3d6b3701.jpg","jetpack_sharing_enabled":true,"_links":{"self":[{"href":"https:\/\/zonaroja.com.mx\/index.php?rest_route=\/wp\/v2\/posts\/13406","targetHints":{"allow":["GET"]}}],"collection":[{"href":"https:\/\/zonaroja.com.mx\/index.php?rest_route=\/wp\/v2\/posts"}],"about":[{"href":"https:\/\/zonaroja.com.mx\/index.php?rest_route=\/wp\/v2\/types\/post"}],"author":[{"embeddable":true,"href":"https:\/\/zonaroja.com.mx\/index.php?rest_route=\/wp\/v2\/users\/2"}],"replies":[{"embeddable":true,"href":"https:\/\/zonaroja.com.mx\/index.php?rest_route=%2Fwp%2Fv2%2Fcomments&post=13406"}],"version-history":[{"count":1,"href":"https:\/\/zonaroja.com.mx\/index.php?rest_route=\/wp\/v2\/posts\/13406\/revisions"}],"predecessor-version":[{"id":13407,"href":"https:\/\/zonaroja.com.mx\/index.php?rest_route=\/wp\/v2\/posts\/13406\/revisions\/13407"}],"wp:featuredmedia":[{"embeddable":true,"href":"https:\/\/zonaroja.com.mx\/index.php?rest_route=\/wp\/v2\/media\/13405"}],"wp:attachment":[{"href":"https:\/\/zonaroja.com.mx\/index.php?rest_route=%2Fwp%2Fv2%2Fmedia&parent=13406"}],"wp:term":[{"taxonomy":"category","embeddable":true,"href":"https:\/\/zonaroja.com.mx\/index.php?rest_route=%2Fwp%2Fv2%2Fcategories&post=13406"},{"taxonomy":"post_tag","embeddable":true,"href":"https:\/\/zonaroja.com.mx\/index.php?rest_route=%2Fwp%2Fv2%2Ftags&post=13406"}],"curies":[{"name":"wp","href":"https:\/\/api.w.org\/{rel}","templated":true}]}}