{"id":13416,"date":"2020-06-06T21:19:50","date_gmt":"2020-06-07T02:19:50","guid":{"rendered":"http:\/\/www.zonaroja.com.mx\/?p=13416"},"modified":"2020-06-06T21:20:11","modified_gmt":"2020-06-07T02:20:11","slug":"matan-a-balazos-a-dos-individuos-en-oaxaca-este-sabado","status":"publish","type":"post","link":"https:\/\/zonaroja.com.mx\/?p=13416","title":{"rendered":"Matan a balazos a dos individuos en Oaxaca este s\u00e1bado"},"content":{"rendered":"\n<p>Redacci\u00f3n\/Zona\nRoja.<\/p>\n\n\n\n<p>Oaxaca de\nJu\u00e1rez, Oax., 6 de junio de 2020.- Dos personas fueron asesinadas a balazos\neste s\u00e1bado en la entidad oaxaque\u00f1a.<\/p>\n\n\n\n<p>El m\u00e1s\nreciente caso ocurri\u00f3 en Huajuapan de Le\u00f3n, municipio de la regi\u00f3n Mixteca de Oaxaca,\ndonde fue localizado el cuerpo de un individuo, atado de pies y manos, y con\ndisparos de arma de fuego.<\/p>\n\n\n\n<p>De manera\npreliminar fue identificado como Jos\u00e9 Manuel A. R., alias \u201cEl Zacates\u201d, y hasta\nel momento se desconoce el m\u00f3vil del homicidio, as\u00ed como el o los autores.<\/p>\n\n\n\n<p>Mientras\ntanto, por la ma\u00f1ana de hoy la Vicefiscal\u00eda Regional de la Costa confirm\u00f3 el\nasesinato de un abogado, conocido como Miguel \u00c1ngel C. V., en el municipio de\nSan Pedro Amuzgo.<\/p>\n\n\n\n<p>El cuerpo\nfue localizado la noche del viernes a la entrada de su domicilio, donde fue\nabatido a balazos por sujetos desconocidos. Fue llevado por sus familiares de inmediato\na una cl\u00ednica, pero perdi\u00f3 la vida posteriormente; ten\u00eda un despacho jur\u00eddico\nen Putla Villa de Guerrero.<\/p>\n","protected":false},"excerpt":{"rendered":"<p>Redacci\u00f3n\/Zona Roja. Oaxaca de Ju\u00e1rez, Oax., 6 de junio de 2020.- Dos personas fueron asesinadas&hellip;<\/p>\n","protected":false},"author":2,"featured_media":13417,"comment_status":"closed","ping_status":"open","sticky":false,"template":"","format":"standard","meta":{"_lmt_disableupdate":"","_lmt_disable":"","_jetpack_memberships_contains_paid_content":false,"footnotes":""},"categories":[109,51],"tags":[1739],"class_list":["post-13416","post","type-post","status-publish","format-standard","has-post-thumbnail","hentry","category-minuto-a-minuto","category-zona-roja","tag-san-pedro-amuzgo"],"jetpack_featured_media_url":"https:\/\/zonaroja.com.mx\/wp-content\/uploads\/2020\/06\/Asesinado-Huajuapan.jpg","jetpack_sharing_enabled":true,"_links":{"self":[{"href":"https:\/\/zonaroja.com.mx\/index.php?rest_route=\/wp\/v2\/posts\/13416","targetHints":{"allow":["GET"]}}],"collection":[{"href":"https:\/\/zonaroja.com.mx\/index.php?rest_route=\/wp\/v2\/posts"}],"about":[{"href":"https:\/\/zonaroja.com.mx\/index.php?rest_route=\/wp\/v2\/types\/post"}],"author":[{"embeddable":true,"href":"https:\/\/zonaroja.com.mx\/index.php?rest_route=\/wp\/v2\/users\/2"}],"replies":[{"embeddable":true,"href":"https:\/\/zonaroja.com.mx\/index.php?rest_route=%2Fwp%2Fv2%2Fcomments&post=13416"}],"version-history":[{"count":1,"href":"https:\/\/zonaroja.com.mx\/index.php?rest_route=\/wp\/v2\/posts\/13416\/revisions"}],"predecessor-version":[{"id":13418,"href":"https:\/\/zonaroja.com.mx\/index.php?rest_route=\/wp\/v2\/posts\/13416\/revisions\/13418"}],"wp:featuredmedia":[{"embeddable":true,"href":"https:\/\/zonaroja.com.mx\/index.php?rest_route=\/wp\/v2\/media\/13417"}],"wp:attachment":[{"href":"https:\/\/zonaroja.com.mx\/index.php?rest_route=%2Fwp%2Fv2%2Fmedia&parent=13416"}],"wp:term":[{"taxonomy":"category","embeddable":true,"href":"https:\/\/zonaroja.com.mx\/index.php?rest_route=%2Fwp%2Fv2%2Fcategories&post=13416"},{"taxonomy":"post_tag","embeddable":true,"href":"https:\/\/zonaroja.com.mx\/index.php?rest_route=%2Fwp%2Fv2%2Ftags&post=13416"}],"curies":[{"name":"wp","href":"https:\/\/api.w.org\/{rel}","templated":true}]}}