{"id":13428,"date":"2020-06-07T12:16:56","date_gmt":"2020-06-07T17:16:56","guid":{"rendered":"http:\/\/www.zonaroja.com.mx\/?p=13428"},"modified":"2020-06-07T12:16:59","modified_gmt":"2020-06-07T17:16:59","slug":"diversas-ong-rechazan-obra-de-corredor-transistmico-oaxaca-veracruz","status":"publish","type":"post","link":"https:\/\/zonaroja.com.mx\/?p=13428","title":{"rendered":"Diversas ONG rechazan obra de Corredor Trans\u00edstmico Oaxaca-Veracruz"},"content":{"rendered":"\n<p>Yuridiana Sosa\/Zona Roja.<\/p>\n\n\n\n<p>Oaxaca de Ju\u00e1rez, Oax., 7 de junio de 2020.- Frente a lo que consideran serie de irregularidades para llevar a cabo el proyecto sin consulta previa, libre, informada, de buena fe y culturalmente adecuada, decenas de organizaciones y comunidades de reiteraron su oposici\u00f3n al arranque de la obra del Corredor Trans\u00edstmico.<\/p>\n\n\n\n<p>Pueblos  ind\u00edgenas de Oaxaca y Veracruz rechazaron la visita del presidente Andr\u00e9s Manuel L\u00f3pez Obrador para dar el banderazo al megaproyecto en medio la pandemia sanitaria por coronavirus.<\/p>\n\n\n\n<p>En conjunto, 15 comunidades istme\u00f1as\noaxaque\u00f1as y veracruzanas &#8211;hasta ahora afectadas con el plan a ejecutar&#8211;\nacompa\u00f1adas de 79 organizaciones de todo el pa\u00eds, enfatizaron sobre\nanormalidades en torno al megaproyecto del Corredor Trans\u00edstmico, en la que\ndestacaron la violaci\u00f3n al derecho de la libre autodeterminaci\u00f3n por la falta\nde una consulta real como lo marca el Convenio 169 de la Organizaci\u00f3n\nInternacional del Trabajo (OIT).<\/p>\n\n\n\n<p>Los inconformes reprobaron que L\u00f3pez\nObrador \u201cest\u00e1 aprovechando el confinamiento en casa por la pandemia para\nimponer la militarizaci\u00f3n del pa\u00eds y su propio concepto de proyectos esenciales\npara la naci\u00f3n, como el megaproyecto del Corredor Interoce\u00e1nico, entre otros\u201d.<\/p>\n\n\n\n<p>Las comunidades demandaron al Presidente\nde M\u00e9xico \u201ca realmente poner primero las necesidades de los pueblos y de los\nm\u00e1s pobres y detener los megaproyectos en la regi\u00f3n del Istmo\u201d.<\/p>\n\n\n\n<p>Pues recordaron que hasta la fecha\nexisten graves consecuencias negativas por los megaproyectos en los territorios\nind\u00edgenas, como el incremento del crimen organizado, la violencia de g\u00e9nero,\nfeminicidios, la devastaci\u00f3n de los recursos naturales, empleos precarizados y\npobreza.<\/p>\n","protected":false},"excerpt":{"rendered":"<p>Yuridiana Sosa\/Zona Roja. Oaxaca de Ju\u00e1rez, Oax., 7 de junio de 2020.- Frente a lo&hellip;<\/p>\n","protected":false},"author":2,"featured_media":6164,"comment_status":"closed","ping_status":"open","sticky":false,"template":"","format":"standard","meta":{"_lmt_disableupdate":"","_lmt_disable":"","_jetpack_memberships_contains_paid_content":false,"footnotes":""},"categories":[109,47],"tags":[1146],"class_list":["post-13428","post","type-post","status-publish","format-standard","has-post-thumbnail","hentry","category-minuto-a-minuto","category-zona-gris","tag-proyecto-transistimico"],"jetpack_featured_media_url":"https:\/\/zonaroja.com.mx\/wp-content\/uploads\/2019\/11\/Corredor-Trans\u00edstimico.jpg","jetpack_sharing_enabled":true,"_links":{"self":[{"href":"https:\/\/zonaroja.com.mx\/index.php?rest_route=\/wp\/v2\/posts\/13428","targetHints":{"allow":["GET"]}}],"collection":[{"href":"https:\/\/zonaroja.com.mx\/index.php?rest_route=\/wp\/v2\/posts"}],"about":[{"href":"https:\/\/zonaroja.com.mx\/index.php?rest_route=\/wp\/v2\/types\/post"}],"author":[{"embeddable":true,"href":"https:\/\/zonaroja.com.mx\/index.php?rest_route=\/wp\/v2\/users\/2"}],"replies":[{"embeddable":true,"href":"https:\/\/zonaroja.com.mx\/index.php?rest_route=%2Fwp%2Fv2%2Fcomments&post=13428"}],"version-history":[{"count":1,"href":"https:\/\/zonaroja.com.mx\/index.php?rest_route=\/wp\/v2\/posts\/13428\/revisions"}],"predecessor-version":[{"id":13429,"href":"https:\/\/zonaroja.com.mx\/index.php?rest_route=\/wp\/v2\/posts\/13428\/revisions\/13429"}],"wp:featuredmedia":[{"embeddable":true,"href":"https:\/\/zonaroja.com.mx\/index.php?rest_route=\/wp\/v2\/media\/6164"}],"wp:attachment":[{"href":"https:\/\/zonaroja.com.mx\/index.php?rest_route=%2Fwp%2Fv2%2Fmedia&parent=13428"}],"wp:term":[{"taxonomy":"category","embeddable":true,"href":"https:\/\/zonaroja.com.mx\/index.php?rest_route=%2Fwp%2Fv2%2Fcategories&post=13428"},{"taxonomy":"post_tag","embeddable":true,"href":"https:\/\/zonaroja.com.mx\/index.php?rest_route=%2Fwp%2Fv2%2Ftags&post=13428"}],"curies":[{"name":"wp","href":"https:\/\/api.w.org\/{rel}","templated":true}]}}