{"id":13430,"date":"2020-06-07T12:27:13","date_gmt":"2020-06-07T17:27:13","guid":{"rendered":"http:\/\/www.zonaroja.com.mx\/?p=13430"},"modified":"2020-06-07T12:27:16","modified_gmt":"2020-06-07T17:27:16","slug":"continua-respaldo-nacional-e-internacional-en-campana-que-busca-justiciaparasol","status":"publish","type":"post","link":"https:\/\/zonaroja.com.mx\/?p=13430","title":{"rendered":"Contin\u00faa respaldo nacional e internacional en campa\u00f1a que busca #JusticiaParaSol"},"content":{"rendered":"\n<p>Evlin Arag\u00f3n\/Zona Roja.<\/p>\n\n\n\n<p>Oaxaca de Ju\u00e1rez, Oax., 7 de junio de\n2020.- Las muestras de apoyo y solidaridad para exigir justicia para la fotorreportera\nMar\u00eda Del Sol Cruz Jarqu\u00edn, asesinada hace dos a\u00f1os en el municipio de Juchit\u00e1n\nde Zaragoza, contin\u00faan incluso a nivel internacional.<\/p>\n\n\n\n<p>En esta ocasi\u00f3n fue Mary Lawlor,\nrelatora especial sobre la Situaci\u00f3n de Personas Defensoras de Derechos Humanos\nde la Organizaci\u00f3n de las Naciones Unidas quien expres\u00f3 su respaldo.<\/p>\n\n\n\n<p>Lo hizo a trav\u00e9s de un video en el\nque se une a la campa\u00f1a \u201cHasta que la justicia llegue\u201d, que arranc\u00f3 hace unos\nd\u00edas para evidenciar que a dos a\u00f1os de los hechos y con tres carpetas de\ninvestigaci\u00f3n en la Fiscal\u00eda General de Justicia de Oaxaca, no existen avances\nque permitan la sanci\u00f3n de los autores materiales e intelectuales del ataque\narmado en el que muri\u00f3 la joven.<\/p>\n\n\n\n<p>\u201cGracias por darme la oportunidad de\nagregar mi voz a las que apoyan a Soledad Jarqu\u00edn en su desgarradora b\u00fasqueda\nde justicia para su hija\u201d, indic\u00f3.<\/p>\n\n\n\n<p>En el mismo video aprovech\u00f3 para dar\na conocer que a nivel internacional se sabe la dif\u00edcil situaci\u00f3n a la que se\nenfrentan personas defensoras de derechos humanos, que muchas veces viven con\namenazas permanentes, lo cual no ha sido excepci\u00f3n para la periodista que busca\ndesde hace 24 meses justicia para su hija.<\/p>\n\n\n\n<p>\u201cEscuchamos demasiado a menudo acerca\ndel tipo de amenazas e intimidaciones que Soledad y otras mujeres defensoras\nsufren: sabemos tambi\u00e9n a donde pueden llevar muchas de estas amenazas\u201d, dijo.<\/p>\n\n\n\n<p>As\u00ed mismo, la relatora de la ONU se\npronuncia a favor de todas las personas que luchas d\u00eda a d\u00eda en contra de la\nimpunidad, a pesar del riesgo que esto conlleva en un pa\u00eds como M\u00e9xico donde\nlas instancias de procuraci\u00f3n de justicia no necesariamente cumplen con su\nlabor en perjuicio de las v\u00edctimas.<\/p>\n\n\n\n<p>\u201cMe da gusto apoya #JusticiaParaSol y\na quienes luchan contra la impunidad, conocemos los peligros que enfrentan y\napoyamos su formidable labor\u201d, concluy\u00f3.<\/p>\n\n\n\n<p>A la campa\u00f1a para exigir justicia\ntambi\u00e9n se han unido las periodistas Karla Iberia S\u00e1nchez y Sara Lovera, as\u00ed\ncomo artistas de la talla de Daniel Gim\u00e9nez Cacho, Geo Meneses y Ana Diaz; la\nembajada de Canad\u00e1 en Mexico y el obispo Ra\u00fal Vera, quienes se han pronunciado\nen respaldo de Soledad Jarqu\u00edn y su familia que no quitar\u00e1n el dedo del rengl\u00f3n\nhasta obtener castigo para los responsables del crimen.<\/p>\n","protected":false},"excerpt":{"rendered":"<p>Evlin Arag\u00f3n\/Zona Roja. Oaxaca de Ju\u00e1rez, Oax., 7 de junio de 2020.- Las muestras de&hellip;<\/p>\n","protected":false},"author":2,"featured_media":9498,"comment_status":"closed","ping_status":"open","sticky":false,"template":"","format":"standard","meta":{"_lmt_disableupdate":"","_lmt_disable":"","_jetpack_memberships_contains_paid_content":false,"footnotes":""},"categories":[109,47],"tags":[1059],"class_list":["post-13430","post","type-post","status-publish","format-standard","has-post-thumbnail","hentry","category-minuto-a-minuto","category-zona-gris","tag-maria-del-sol-cruz-jarquin"],"jetpack_featured_media_url":"https:\/\/zonaroja.com.mx\/wp-content\/uploads\/2020\/03\/Justicia-para-Sol-1.png","jetpack_sharing_enabled":true,"_links":{"self":[{"href":"https:\/\/zonaroja.com.mx\/index.php?rest_route=\/wp\/v2\/posts\/13430","targetHints":{"allow":["GET"]}}],"collection":[{"href":"https:\/\/zonaroja.com.mx\/index.php?rest_route=\/wp\/v2\/posts"}],"about":[{"href":"https:\/\/zonaroja.com.mx\/index.php?rest_route=\/wp\/v2\/types\/post"}],"author":[{"embeddable":true,"href":"https:\/\/zonaroja.com.mx\/index.php?rest_route=\/wp\/v2\/users\/2"}],"replies":[{"embeddable":true,"href":"https:\/\/zonaroja.com.mx\/index.php?rest_route=%2Fwp%2Fv2%2Fcomments&post=13430"}],"version-history":[{"count":1,"href":"https:\/\/zonaroja.com.mx\/index.php?rest_route=\/wp\/v2\/posts\/13430\/revisions"}],"predecessor-version":[{"id":13431,"href":"https:\/\/zonaroja.com.mx\/index.php?rest_route=\/wp\/v2\/posts\/13430\/revisions\/13431"}],"wp:featuredmedia":[{"embeddable":true,"href":"https:\/\/zonaroja.com.mx\/index.php?rest_route=\/wp\/v2\/media\/9498"}],"wp:attachment":[{"href":"https:\/\/zonaroja.com.mx\/index.php?rest_route=%2Fwp%2Fv2%2Fmedia&parent=13430"}],"wp:term":[{"taxonomy":"category","embeddable":true,"href":"https:\/\/zonaroja.com.mx\/index.php?rest_route=%2Fwp%2Fv2%2Fcategories&post=13430"},{"taxonomy":"post_tag","embeddable":true,"href":"https:\/\/zonaroja.com.mx\/index.php?rest_route=%2Fwp%2Fv2%2Ftags&post=13430"}],"curies":[{"name":"wp","href":"https:\/\/api.w.org\/{rel}","templated":true}]}}