{"id":13432,"date":"2020-06-07T15:16:29","date_gmt":"2020-06-07T20:16:29","guid":{"rendered":"http:\/\/www.zonaroja.com.mx\/?p=13432"},"modified":"2020-06-07T15:16:34","modified_gmt":"2020-06-07T20:16:34","slug":"alertan-por-fuertes-lluvias-en-el-istmo-de-oaxaca","status":"publish","type":"post","link":"https:\/\/zonaroja.com.mx\/?p=13432","title":{"rendered":"Alertan por fuertes lluvias en el Istmo de Oaxaca"},"content":{"rendered":"\n<p>Redacci\u00f3n\/Zona Roja.<\/p>\n\n\n\n<p>Oaxaca de Ju\u00e1rez, Oax. 7 de junio de\n2020.- En las pr\u00f3ximas horas se prev\u00e9n fuertes lluvias y un incremento en los\nniveles de los r\u00edos, sobre todo en la regi\u00f3n del Istmo de Tehuantepec, alert\u00f3\nla Coordinaci\u00f3n Estatal de Protecci\u00f3n Civil de Oaxaca (CEPCO).<\/p>\n\n\n\n<p>En un comunicado, inform\u00f3 que la\n\u00faltima imagen de sat\u00e9lite muestra una compacta celda de tormenta sobre el\noriente del Istmo, que generar\u00e1n lluvias fuertes a localmente intensas en las\npr\u00f3ximas horas.<\/p>\n\n\n\n<p>Lo que aunado a la saturaci\u00f3n del\nsuelo y a las lluvias registradas el d\u00eda de ayer, presentar\u00e1n avenidas\nextraordinarias sobre los r\u00edos de respuesta r\u00e1pida.<\/p>\n\n\n\n<p>Por ello, exhorta a la poblaci\u00f3n que especialmente habita en los municipios de Santo Domingo Zanatepec, Reforma de Pineda, San Francisco Ixhuat\u00e1n y Uni\u00f3n Hidalgo, mantenerse atentos y atender las recomendaciones, debido al aumento en los niveles de los r\u00edos \u201cOstuta\u201d, \u201cZanatepec\u201d y \u201cEsp\u00edritu Santo\u201d.<\/p>\n\n\n\n<p>Expuso que los Consejos Municipales\nen la zona se\u00f1alada se han activado y se mantendr\u00e1n en monitoreo permanente\npara que en caso de ser necesario se activen las acciones pertinentes en apoyo\na la poblaci\u00f3n.<\/p>\n","protected":false},"excerpt":{"rendered":"<p>Redacci\u00f3n\/Zona Roja. Oaxaca de Ju\u00e1rez, Oax. 7 de junio de 2020.- En las pr\u00f3ximas horas&hellip;<\/p>\n","protected":false},"author":2,"featured_media":13433,"comment_status":"closed","ping_status":"open","sticky":false,"template":"","format":"standard","meta":{"_lmt_disableupdate":"","_lmt_disable":"","_jetpack_memberships_contains_paid_content":false,"footnotes":""},"categories":[109,47],"tags":[212],"class_list":["post-13432","post","type-post","status-publish","format-standard","has-post-thumbnail","hentry","category-minuto-a-minuto","category-zona-gris","tag-coordinacion-estatal-de-proteccion-civil"],"jetpack_featured_media_url":"https:\/\/zonaroja.com.mx\/wp-content\/uploads\/2020\/06\/Lluvias-fuertes.jpg","jetpack_sharing_enabled":true,"_links":{"self":[{"href":"https:\/\/zonaroja.com.mx\/index.php?rest_route=\/wp\/v2\/posts\/13432","targetHints":{"allow":["GET"]}}],"collection":[{"href":"https:\/\/zonaroja.com.mx\/index.php?rest_route=\/wp\/v2\/posts"}],"about":[{"href":"https:\/\/zonaroja.com.mx\/index.php?rest_route=\/wp\/v2\/types\/post"}],"author":[{"embeddable":true,"href":"https:\/\/zonaroja.com.mx\/index.php?rest_route=\/wp\/v2\/users\/2"}],"replies":[{"embeddable":true,"href":"https:\/\/zonaroja.com.mx\/index.php?rest_route=%2Fwp%2Fv2%2Fcomments&post=13432"}],"version-history":[{"count":1,"href":"https:\/\/zonaroja.com.mx\/index.php?rest_route=\/wp\/v2\/posts\/13432\/revisions"}],"predecessor-version":[{"id":13434,"href":"https:\/\/zonaroja.com.mx\/index.php?rest_route=\/wp\/v2\/posts\/13432\/revisions\/13434"}],"wp:featuredmedia":[{"embeddable":true,"href":"https:\/\/zonaroja.com.mx\/index.php?rest_route=\/wp\/v2\/media\/13433"}],"wp:attachment":[{"href":"https:\/\/zonaroja.com.mx\/index.php?rest_route=%2Fwp%2Fv2%2Fmedia&parent=13432"}],"wp:term":[{"taxonomy":"category","embeddable":true,"href":"https:\/\/zonaroja.com.mx\/index.php?rest_route=%2Fwp%2Fv2%2Fcategories&post=13432"},{"taxonomy":"post_tag","embeddable":true,"href":"https:\/\/zonaroja.com.mx\/index.php?rest_route=%2Fwp%2Fv2%2Ftags&post=13432"}],"curies":[{"name":"wp","href":"https:\/\/api.w.org\/{rel}","templated":true}]}}