{"id":13435,"date":"2020-06-07T15:25:28","date_gmt":"2020-06-07T20:25:28","guid":{"rendered":"http:\/\/www.zonaroja.com.mx\/?p=13435"},"modified":"2020-06-07T15:25:30","modified_gmt":"2020-06-07T20:25:30","slug":"reconoce-congreso-aporte-de-medios-de-comunicacion-frente-a-la-pandemia","status":"publish","type":"post","link":"https:\/\/zonaroja.com.mx\/?p=13435","title":{"rendered":"Reconoce Congreso aporte de medios de comunicaci\u00f3n frente a la pandemia"},"content":{"rendered":"\n<p>Redacci\u00f3n\/Zona Roja.&nbsp; <\/p>\n\n\n\n<p>Oaxaca de Ju\u00e1rez, Oax., 7 de junio de\n2020.- En el marco del D\u00eda de la Libertad de Expresi\u00f3n en M\u00e9xico, el presidente\nde la Junta de Coordinaci\u00f3n Pol\u00edtica del Congreso de Oaxaca, Horacio Sosa,\nreconoci\u00f3 la tarea profesional de hombres y mujeres, y medios de comunicaci\u00f3n,\nparticularmente por su labor orientadora frente a la actual pandemia generada\npor la Covid-19.<\/p>\n\n\n\n<p>El representante popular agradeci\u00f3 el\ntrabajo de quienes, desde medios escritos, electr\u00f3nicos y digitales, se han\nconvertido en un puente de comunicaci\u00f3n, entre el pueblo de Oaxaca y los\ndiferentes sectores, en momentos en que est\u00e1 a prueba nuestra resistencia a la\nadversidad.<\/p>\n\n\n\n<p>\u201cEs el trabajo de todas y todos\nustedes lo que ha contribuido a tomar decisiones con responsabilidad y\ndisciplina\u201d, dijo el legislador, respecto al confinamiento que actualmente se\nest\u00e1 guardando en Oaxaca como una medida preventiva para disminuir la\ntransmisi\u00f3n del nuevo coronavirus.&nbsp; <\/p>\n\n\n\n<p>En particular, por difundir\ninformaci\u00f3n verificada con las instituciones del sector salud, a niveles\nestatal y nacional, para orientar a las familias oaxaque\u00f1as sobre el\nacatamiento de medidas de sanidad y cuidado de la salud, asever\u00f3.<\/p>\n\n\n\n<p>El legislador destac\u00f3 las luchas\nhist\u00f3ricas de las y los periodistas que han puesto en primer plano el respeto a\nlos art\u00edculos 6 y 7 de la Constituci\u00f3n mexicana; sin embargo, existen amenazas\ny agresiones de grupos de poder y autoridades, que ubican a M\u00e9xico entre los\nprincipales pa\u00edses donde el ejercicio period\u00edstico est\u00e1 en constante riesgo.<\/p>\n\n\n\n<p>A este respecto, manifest\u00f3 que las y\nlos diputados de la 64 Legislatura estar\u00e1n vigilantes del respeto irrestricto a\nla libre expresi\u00f3n de las ideas y al ejercicio period\u00edstico en Oaxaca, de los\nque son beneficiarios todos y todas las ciudadanas.<\/p>\n","protected":false},"excerpt":{"rendered":"<p>Redacci\u00f3n\/Zona Roja.&nbsp; Oaxaca de Ju\u00e1rez, Oax., 7 de junio de 2020.- En el marco del&hellip;<\/p>\n","protected":false},"author":2,"featured_media":13436,"comment_status":"closed","ping_status":"open","sticky":false,"template":"","format":"standard","meta":{"_lmt_disableupdate":"","_lmt_disable":"","_jetpack_memberships_contains_paid_content":false,"footnotes":""},"categories":[109,46],"tags":[444],"class_list":["post-13435","post","type-post","status-publish","format-standard","has-post-thumbnail","hentry","category-minuto-a-minuto","category-zona-blanca","tag-horacio-sosa-villavicencio"],"jetpack_featured_media_url":"https:\/\/zonaroja.com.mx\/wp-content\/uploads\/2020\/06\/FOTO-Horacio-Sosa-presidente-de-la-Junta-de-Coordinaci\u00f3n-Pol\u00edtica-del-Congreso-de-Oaxaca..jpg","jetpack_sharing_enabled":true,"_links":{"self":[{"href":"https:\/\/zonaroja.com.mx\/index.php?rest_route=\/wp\/v2\/posts\/13435","targetHints":{"allow":["GET"]}}],"collection":[{"href":"https:\/\/zonaroja.com.mx\/index.php?rest_route=\/wp\/v2\/posts"}],"about":[{"href":"https:\/\/zonaroja.com.mx\/index.php?rest_route=\/wp\/v2\/types\/post"}],"author":[{"embeddable":true,"href":"https:\/\/zonaroja.com.mx\/index.php?rest_route=\/wp\/v2\/users\/2"}],"replies":[{"embeddable":true,"href":"https:\/\/zonaroja.com.mx\/index.php?rest_route=%2Fwp%2Fv2%2Fcomments&post=13435"}],"version-history":[{"count":1,"href":"https:\/\/zonaroja.com.mx\/index.php?rest_route=\/wp\/v2\/posts\/13435\/revisions"}],"predecessor-version":[{"id":13437,"href":"https:\/\/zonaroja.com.mx\/index.php?rest_route=\/wp\/v2\/posts\/13435\/revisions\/13437"}],"wp:featuredmedia":[{"embeddable":true,"href":"https:\/\/zonaroja.com.mx\/index.php?rest_route=\/wp\/v2\/media\/13436"}],"wp:attachment":[{"href":"https:\/\/zonaroja.com.mx\/index.php?rest_route=%2Fwp%2Fv2%2Fmedia&parent=13435"}],"wp:term":[{"taxonomy":"category","embeddable":true,"href":"https:\/\/zonaroja.com.mx\/index.php?rest_route=%2Fwp%2Fv2%2Fcategories&post=13435"},{"taxonomy":"post_tag","embeddable":true,"href":"https:\/\/zonaroja.com.mx\/index.php?rest_route=%2Fwp%2Fv2%2Ftags&post=13435"}],"curies":[{"name":"wp","href":"https:\/\/api.w.org\/{rel}","templated":true}]}}