{"id":13441,"date":"2020-06-07T19:32:58","date_gmt":"2020-06-08T00:32:58","guid":{"rendered":"http:\/\/www.zonaroja.com.mx\/?p=13441"},"modified":"2020-06-07T20:38:17","modified_gmt":"2020-06-08T01:38:17","slug":"nada-que-celebrar-este-7-de-junio-asociacion-de-periodistas-de-oaxaca","status":"publish","type":"post","link":"https:\/\/zonaroja.com.mx\/?p=13441","title":{"rendered":"Nada que celebrar este 7 de junio: Asociaci\u00f3n de Periodistas de Oaxaca"},"content":{"rendered":"\n<p>Redacci\u00f3n\/Zona Roja.<\/p>\n\n\n\n<p>Oaxaca de Ju\u00e1rez, Oax., 7 de junio de\n2020.- La Asociaci\u00f3n de Periodistas de Oaxaca (APO) A. C., afirm\u00f3 que este 7 de\njunio, D\u00eda de la Libertad de Expresi\u00f3n en M\u00e9xico, no hay nada que celebrar. <\/p>\n\n\n\n<p>\u201cDe por s\u00ed que esta fecha que en 1951\nel gobierno de la rep\u00fablica adopt\u00f3 como d\u00eda de la libertad de prensa, ha dejado\nde tener significado para los comunicadores. Aunque la inercia de ese festejo\nrealizado por d\u00e9cadas nos lleva a muchos a seguir con la costumbre\u201d.<\/p>\n\n\n\n<p>En un comunicado, expuso que sobre\ntodo cuando en la actualidad el ejercicio period\u00edstico es soslayado, ninguneado\ny menoscabado por representantes de los tres niveles de gobierno. <\/p>\n\n\n\n<p>Refiri\u00f3 que el 7 de junio pasa a ser una fecha anecd\u00f3tica y para el recuerdo de comilonas y loas oficiales. Como las que relata de esa \u00e9poca Rafael Rodr\u00edguez Casta\u00f1eda en su libro \u201cPrensa Vendida\u201d:<\/p>\n\n\n\n<p>\u201cH\u00edgados de ganso con jalea de\nchampa\u00f1a; huevos rellenos de caviar ruso; langosta americana; arroz a la\ncriolla; timba de jam\u00f3n York a la florentina; pato en salsa de Curazao; crepas\nde cajeta de almendras. Vinos: Chablis 1946; champa\u00f1a Charles Heidsek\u201d.<\/p>\n\n\n\n<p>La APO asegur\u00f3 que hoy, los\nperiodistas tenemos la obligaci\u00f3n de retomar nuestra misi\u00f3n, recorrer\ncomunidades y dar voz a los sin voz. <\/p>\n\n\n\n<p>\u201cRescatar la dignidad reporteril, la\ninvestigaci\u00f3n period\u00edstica y la denuncia constante de quienes abusan del poder\npara sobajar al pueblo. De aquellos malos gobernantes o funcionarios que\nanteponen su inter\u00e9s particular al de la comunidad, del partido pol\u00edtico que\nsea\u201d.<\/p>\n\n\n\n<p>\u201cDesde ahora y con la llamada \u2018nueva\nnormalidad\u2019 &#8211;resultado de la pandemia del Covid 19&#8211; se modifica la forma de\nhacer periodismo, sin embargo, la APO no cambiar\u00e1 su trabajo de ofrecer\nactualizaci\u00f3n profesional a trav\u00e9s de seminarios, cursos y actividades\nacad\u00e9micas-sociales, como lo viene realizando desde hace 42 a\u00f1os. Sobre todo,\nsostendr\u00e1 la defensa de la libertad de expresi\u00f3n y de quienes la ejercen\nhonestamente\u201d, a\u00f1adi\u00f3.<\/p>\n\n\n\n<p>\u201cHoy en la Asociaci\u00f3n de Periodistas\nde Oaxaca no celebramos el D\u00eda de la Libertad de Expresi\u00f3n, abogamos por esa\nLibertad, derecho humano punto de partida de los dem\u00e1s derechos, que ha costado\nvidas de colegas a lo largo y ancho de la rep\u00fablica\u201d.<\/p>\n\n\n\n<p>\u201cPor supuesto, como en todos estos\na\u00f1os en que se han exacerbado las agresiones y asesinatos a periodistas en\nM\u00e9xico y Oaxaca, y en cuya desaparici\u00f3n se forja nuestra lucha por la exigencia\nde justicia. Mientras no haya justicia y la impunidad reine, los discursos de\ngobiernos, fiscal\u00edas y tribunales no sirven, son huecas, palabras al viento.<\/p>\n\n\n\n<p>\u201cNos solidarizamos con las madres y\npadres de colegas asesinados que exigen justicia; condenamos a las autoridades\nque ofrecen impunidad a los agresores; consideramos agravio la falsedad de sus\nparabienes a los comunicadores mientras en los hechos son c\u00f3mplices de nuestros\nagresores. En los hechos, promueven los ataques a la libertad de expresi\u00f3n al\ngarantizar la impunidad\u201d.<\/p>\n","protected":false},"excerpt":{"rendered":"<p>Redacci\u00f3n\/Zona Roja. Oaxaca de Ju\u00e1rez, Oax., 7 de junio de 2020.- La Asociaci\u00f3n de Periodistas&hellip;<\/p>\n","protected":false},"author":2,"featured_media":13442,"comment_status":"closed","ping_status":"open","sticky":false,"template":"","format":"standard","meta":{"_lmt_disableupdate":"","_lmt_disable":"","_jetpack_memberships_contains_paid_content":false,"footnotes":""},"categories":[109,47],"tags":[1041,1740],"class_list":["post-13441","post","type-post","status-publish","format-standard","has-post-thumbnail","hentry","category-minuto-a-minuto","category-zona-gris","tag-asociacion-de-periodistas-de-oaxaca-apo","tag-dia-de-la-libertad-de-expresion"],"jetpack_featured_media_url":"https:\/\/zonaroja.com.mx\/wp-content\/uploads\/2020\/06\/D\u00eda-Libertad-de-Expresi\u00f3n.jpg","jetpack_sharing_enabled":true,"_links":{"self":[{"href":"https:\/\/zonaroja.com.mx\/index.php?rest_route=\/wp\/v2\/posts\/13441","targetHints":{"allow":["GET"]}}],"collection":[{"href":"https:\/\/zonaroja.com.mx\/index.php?rest_route=\/wp\/v2\/posts"}],"about":[{"href":"https:\/\/zonaroja.com.mx\/index.php?rest_route=\/wp\/v2\/types\/post"}],"author":[{"embeddable":true,"href":"https:\/\/zonaroja.com.mx\/index.php?rest_route=\/wp\/v2\/users\/2"}],"replies":[{"embeddable":true,"href":"https:\/\/zonaroja.com.mx\/index.php?rest_route=%2Fwp%2Fv2%2Fcomments&post=13441"}],"version-history":[{"count":2,"href":"https:\/\/zonaroja.com.mx\/index.php?rest_route=\/wp\/v2\/posts\/13441\/revisions"}],"predecessor-version":[{"id":13444,"href":"https:\/\/zonaroja.com.mx\/index.php?rest_route=\/wp\/v2\/posts\/13441\/revisions\/13444"}],"wp:featuredmedia":[{"embeddable":true,"href":"https:\/\/zonaroja.com.mx\/index.php?rest_route=\/wp\/v2\/media\/13442"}],"wp:attachment":[{"href":"https:\/\/zonaroja.com.mx\/index.php?rest_route=%2Fwp%2Fv2%2Fmedia&parent=13441"}],"wp:term":[{"taxonomy":"category","embeddable":true,"href":"https:\/\/zonaroja.com.mx\/index.php?rest_route=%2Fwp%2Fv2%2Fcategories&post=13441"},{"taxonomy":"post_tag","embeddable":true,"href":"https:\/\/zonaroja.com.mx\/index.php?rest_route=%2Fwp%2Fv2%2Ftags&post=13441"}],"curies":[{"name":"wp","href":"https:\/\/api.w.org\/{rel}","templated":true}]}}