{"id":13452,"date":"2020-06-07T22:19:21","date_gmt":"2020-06-08T03:19:21","guid":{"rendered":"http:\/\/www.zonaroja.com.mx\/?p=13452"},"modified":"2020-06-07T22:19:25","modified_gmt":"2020-06-08T03:19:25","slug":"registra-oaxaca-otros-118-positivos-a-covid-y-ocho-decesos","status":"publish","type":"post","link":"https:\/\/zonaroja.com.mx\/?p=13452","title":{"rendered":"Registra Oaxaca otros 118 positivos a Covid y ocho decesos"},"content":{"rendered":"\n<p>Redacci\u00f3n\/Zona Roja.<\/p>\n\n\n\n<p>Oaxaca de Ju\u00e1rez, Oax. 7 de junio de\n2020.- Al corte epidemiol\u00f3gico de este domingo 7 de junio, en Oaxaca se han\npresentado 118 casos nuevos a Covid-19, lo que suman dos mil 210 positivos en\nla entidad.<\/p>\n\n\n\n<p>Asimismo, de acuerdo con los\nServicios de Salud de la entidad, se han notificado cuatro mil 808 casos, de\nlos cuales mil 904 han sido negativos, 694 sospechosos, mil 468 se han\nrecuperado, y se registran 235 defunciones, ocho m\u00e1s que ayer.<\/p>\n\n\n\n<p>La Jurisdicci\u00f3n Sanitaria n\u00famero uno\nValles Centrales presenta mil 589 casos y 135 decesos, el Istmo presenta 137\npositivos y 21 fallecimientos, Tuxtepec con 224 y 41 muertes, la Costa 87 y 10\ndecesos, la Mixteca 116 y 19 fallecimientos y la Sierra (Norte) 57 y nueve\ndecesos.<\/p>\n\n\n\n<p>En un comunicado, la dependencia mencion\u00f3 que de los 118 casos nuevos, \u00e9stos se registraron en 35 municipios; Oaxaca de Ju\u00e1rez contabiliza 35, San Juan Bautista Tuxtepec 12, Santa Cruz Xoxocotl\u00e1n 10, Salina Cruz seis, Santa Luc\u00eda del Camino, San Sebasti\u00e1n Tutla y San Pablo Etla, cuatro cada uno, entre otros ayuntamientos.<\/p>\n\n\n\n<figure class=\"wp-block-image\"><img decoding=\"async\" width=\"1024\" height=\"578\" src=\"http:\/\/www.zonaroja.com.mx\/wp-content\/uploads\/2020\/06\/SSO1-1024x578.jpeg\" alt=\"\" class=\"wp-image-13454\" srcset=\"https:\/\/zonaroja.com.mx\/wp-content\/uploads\/2020\/06\/SSO1-1024x578.jpeg 1024w, https:\/\/zonaroja.com.mx\/wp-content\/uploads\/2020\/06\/SSO1-300x169.jpeg 300w, https:\/\/zonaroja.com.mx\/wp-content\/uploads\/2020\/06\/SSO1-768x433.jpeg 768w, https:\/\/zonaroja.com.mx\/wp-content\/uploads\/2020\/06\/SSO1-1170x660.jpeg 1170w, https:\/\/zonaroja.com.mx\/wp-content\/uploads\/2020\/06\/SSO1-585x330.jpeg 585w, https:\/\/zonaroja.com.mx\/wp-content\/uploads\/2020\/06\/SSO1.jpeg 1280w\" sizes=\"(max-width: 1024px) 100vw, 1024px\" \/><\/figure>\n\n\n\n<p>Dijo que han dado positivo a la\nenfermedad 176 m\u00e9dicos, 186 son personal de enfermer\u00eda y 80 otros trabajadores\ndel sector salud, teniendo un acumulado a la fecha de 442.<\/p>\n\n\n\n<p>De los mil 468 casos recuperados,\na\u00f1adi\u00f3 que la Jurisdicci\u00f3n Sanitaria n\u00famero uno Valles Centrales registra mil\n091, el Istmo 83, Tuxtepec 127, Costa 63, Mixteca 69 y la Sierra (Norte) 35.<\/p>\n\n\n\n<p>Puntualiz\u00f3 que hay 507 casos activos,\nde los cuales 146 se encuentran en el municipio de Oaxaca de Ju\u00e1rez, seguido de\nSan Juan Bautista Tuxtepec con 43, Santa Cruz Xoxocotl\u00e1n 31, Santa Luc\u00eda del\nCamino 20, Santa Mar\u00eda Atzompa 15, San Jacinto Amilpas 12, Salina Cruz 11 y\nSanto Domingo Tehuantepec 10, entre otros.<\/p>\n\n\n\n<p>Sostuvo que de las 235 defunciones,\n82 son en el grupo de edad de 65 y m\u00e1s a\u00f1os, 64 de 50 a 59 a\u00f1os, 32 en el rango\nde 25 a 44 a\u00f1os, 31 de 60 a 64 a\u00f1os, 19 de 45 a 49, entre otros. Las\ncomorbilidades asociadas son la diabetes, hipertensi\u00f3n arterial, obesidad e\ninsuficiencia renal.<\/p>\n","protected":false},"excerpt":{"rendered":"<p>Redacci\u00f3n\/Zona Roja. Oaxaca de Ju\u00e1rez, Oax. 7 de junio de 2020.- Al corte epidemiol\u00f3gico de&hellip;<\/p>\n","protected":false},"author":2,"featured_media":13453,"comment_status":"closed","ping_status":"open","sticky":false,"template":"","format":"standard","meta":{"_lmt_disableupdate":"","_lmt_disable":"","_jetpack_memberships_contains_paid_content":false,"footnotes":""},"categories":[109,47],"tags":[1512],"class_list":["post-13452","post","type-post","status-publish","format-standard","has-post-thumbnail","hentry","category-minuto-a-minuto","category-zona-gris","tag-coronavirus-oaxaca"],"jetpack_featured_media_url":"https:\/\/zonaroja.com.mx\/wp-content\/uploads\/2020\/06\/SSO2-1-1.jpeg","jetpack_sharing_enabled":true,"_links":{"self":[{"href":"https:\/\/zonaroja.com.mx\/index.php?rest_route=\/wp\/v2\/posts\/13452","targetHints":{"allow":["GET"]}}],"collection":[{"href":"https:\/\/zonaroja.com.mx\/index.php?rest_route=\/wp\/v2\/posts"}],"about":[{"href":"https:\/\/zonaroja.com.mx\/index.php?rest_route=\/wp\/v2\/types\/post"}],"author":[{"embeddable":true,"href":"https:\/\/zonaroja.com.mx\/index.php?rest_route=\/wp\/v2\/users\/2"}],"replies":[{"embeddable":true,"href":"https:\/\/zonaroja.com.mx\/index.php?rest_route=%2Fwp%2Fv2%2Fcomments&post=13452"}],"version-history":[{"count":1,"href":"https:\/\/zonaroja.com.mx\/index.php?rest_route=\/wp\/v2\/posts\/13452\/revisions"}],"predecessor-version":[{"id":13455,"href":"https:\/\/zonaroja.com.mx\/index.php?rest_route=\/wp\/v2\/posts\/13452\/revisions\/13455"}],"wp:featuredmedia":[{"embeddable":true,"href":"https:\/\/zonaroja.com.mx\/index.php?rest_route=\/wp\/v2\/media\/13453"}],"wp:attachment":[{"href":"https:\/\/zonaroja.com.mx\/index.php?rest_route=%2Fwp%2Fv2%2Fmedia&parent=13452"}],"wp:term":[{"taxonomy":"category","embeddable":true,"href":"https:\/\/zonaroja.com.mx\/index.php?rest_route=%2Fwp%2Fv2%2Fcategories&post=13452"},{"taxonomy":"post_tag","embeddable":true,"href":"https:\/\/zonaroja.com.mx\/index.php?rest_route=%2Fwp%2Fv2%2Ftags&post=13452"}],"curies":[{"name":"wp","href":"https:\/\/api.w.org\/{rel}","templated":true}]}}