{"id":13461,"date":"2020-06-08T10:02:48","date_gmt":"2020-06-08T15:02:48","guid":{"rendered":"http:\/\/www.zonaroja.com.mx\/?p=13461"},"modified":"2020-06-08T10:02:52","modified_gmt":"2020-06-08T15:02:52","slug":"desdenan-en-ferrocarril-del-istmo-mano-de-obra-oaxaquena","status":"publish","type":"post","link":"https:\/\/zonaroja.com.mx\/?p=13461","title":{"rendered":"Desde\u00f1an en Ferrocarril del Istmo mano de obra oaxaque\u00f1a"},"content":{"rendered":"\n<p>Redacci\u00f3n\/Zona Roja.<\/p>\n\n\n\n<p>Oaxaca de Ju\u00e1rez, Oax., 8 de junio de\n2020.- Apenas 24 horas despu\u00e9s de la supervisi\u00f3n de las obras por parte del\nPresidente de M\u00e9xico, Andr\u00e9s Manuel L\u00f3pez Obrador, las protestas contra el\nFerrocarril del Istmo arrancaron.<\/p>\n\n\n\n<p>La ma\u00f1ana de este lunes integrantes\nde la Uni\u00f3n de Camioneros Materialistas de Ciudad Ixtepec, bloquean vialidad y\noficinas de la empresa \u201cDiamante\u201d, encargada de la rehabilitaci\u00f3n del tramo\nferroviario La Mata-Ixtepec.<\/p>\n\n\n\n<p>Lo anterior, para exigir que sean\ntomados en cuenta, pues aseguran que las obras y los obreros son for\u00e1neos, y no\nson tomados en cuenta los oaxaque\u00f1os, pese a que de acuerdo con las\nautoridades, habr\u00eda empleo y desarrollo econ\u00f3mico para esta entidad y Veracruz.<\/p>\n\n\n\n<p>Apenas ayer, en Sayula, Veracruz, el Presidente de M\u00e9xico anunci\u00f3 que este a\u00f1o se invierten m\u00e1s de tres mil millones de pesos en la rehabilitaci\u00f3n del Ferrocarril del Istmo, que unir\u00e1 a Oaxaca con Veracruz, para facilitar el traslado de carga entre los oc\u00e9anos Pac\u00edfico y Atl\u00e1ntico.<\/p>\n\n\n\n<figure class=\"wp-block-image\"><img decoding=\"async\" width=\"1024\" height=\"768\" src=\"http:\/\/www.zonaroja.com.mx\/wp-content\/uploads\/2020\/06\/e7124d34-1a9a-4917-9319-be12646aed59-1024x768.jpg\" alt=\"\" class=\"wp-image-13462\" srcset=\"https:\/\/zonaroja.com.mx\/wp-content\/uploads\/2020\/06\/e7124d34-1a9a-4917-9319-be12646aed59-1024x768.jpg 1024w, https:\/\/zonaroja.com.mx\/wp-content\/uploads\/2020\/06\/e7124d34-1a9a-4917-9319-be12646aed59-300x225.jpg 300w, https:\/\/zonaroja.com.mx\/wp-content\/uploads\/2020\/06\/e7124d34-1a9a-4917-9319-be12646aed59-768x576.jpg 768w, https:\/\/zonaroja.com.mx\/wp-content\/uploads\/2020\/06\/e7124d34-1a9a-4917-9319-be12646aed59-1170x878.jpg 1170w, https:\/\/zonaroja.com.mx\/wp-content\/uploads\/2020\/06\/e7124d34-1a9a-4917-9319-be12646aed59-585x439.jpg 585w, https:\/\/zonaroja.com.mx\/wp-content\/uploads\/2020\/06\/e7124d34-1a9a-4917-9319-be12646aed59.jpg 1280w\" sizes=\"(max-width: 1024px) 100vw, 1024px\" \/><\/figure>\n\n\n\n<p>OTRA PROTESTA<\/p>\n\n\n\n<p>Por otra parte, estudiantes de la\nEscuela Preparatoria n\u00famero 4 de la Universidad Aut\u00f3noma \u201cBenito Ju\u00e1rez\u201d de\nOaxaca, bloquean la carretera federal 190, en el entronque de acceso a Santo\nDomingo Tehuantepec con la supercarretera Salina Cruz-La Ventosa.<\/p>\n\n\n\n<p>Exigen el reconocimiento de\nautoridades electas en ese plantel del nivel bachillerato. La Secretar\u00eda\nGeneral de Gobierno y la UABJO informaron que ya atienden a los inconformes\npara llegar a un acuerdo.<\/p>\n","protected":false},"excerpt":{"rendered":"<p>Redacci\u00f3n\/Zona Roja. Oaxaca de Ju\u00e1rez, Oax., 8 de junio de 2020.- Apenas 24 horas despu\u00e9s&hellip;<\/p>\n","protected":false},"author":2,"featured_media":13463,"comment_status":"closed","ping_status":"open","sticky":false,"template":"","format":"standard","meta":{"_lmt_disableupdate":"","_lmt_disable":"","_jetpack_memberships_contains_paid_content":false,"footnotes":""},"categories":[109,47],"tags":[1742],"class_list":["post-13461","post","type-post","status-publish","format-standard","has-post-thumbnail","hentry","category-minuto-a-minuto","category-zona-gris","tag-ferrocarril-del-istmo-de-tehuantepec"],"jetpack_featured_media_url":"https:\/\/zonaroja.com.mx\/wp-content\/uploads\/2020\/06\/b3f0545e-816f-4f92-8d8f-73c715dc5387.jpg","jetpack_sharing_enabled":true,"_links":{"self":[{"href":"https:\/\/zonaroja.com.mx\/index.php?rest_route=\/wp\/v2\/posts\/13461","targetHints":{"allow":["GET"]}}],"collection":[{"href":"https:\/\/zonaroja.com.mx\/index.php?rest_route=\/wp\/v2\/posts"}],"about":[{"href":"https:\/\/zonaroja.com.mx\/index.php?rest_route=\/wp\/v2\/types\/post"}],"author":[{"embeddable":true,"href":"https:\/\/zonaroja.com.mx\/index.php?rest_route=\/wp\/v2\/users\/2"}],"replies":[{"embeddable":true,"href":"https:\/\/zonaroja.com.mx\/index.php?rest_route=%2Fwp%2Fv2%2Fcomments&post=13461"}],"version-history":[{"count":1,"href":"https:\/\/zonaroja.com.mx\/index.php?rest_route=\/wp\/v2\/posts\/13461\/revisions"}],"predecessor-version":[{"id":13464,"href":"https:\/\/zonaroja.com.mx\/index.php?rest_route=\/wp\/v2\/posts\/13461\/revisions\/13464"}],"wp:featuredmedia":[{"embeddable":true,"href":"https:\/\/zonaroja.com.mx\/index.php?rest_route=\/wp\/v2\/media\/13463"}],"wp:attachment":[{"href":"https:\/\/zonaroja.com.mx\/index.php?rest_route=%2Fwp%2Fv2%2Fmedia&parent=13461"}],"wp:term":[{"taxonomy":"category","embeddable":true,"href":"https:\/\/zonaroja.com.mx\/index.php?rest_route=%2Fwp%2Fv2%2Fcategories&post=13461"},{"taxonomy":"post_tag","embeddable":true,"href":"https:\/\/zonaroja.com.mx\/index.php?rest_route=%2Fwp%2Fv2%2Ftags&post=13461"}],"curies":[{"name":"wp","href":"https:\/\/api.w.org\/{rel}","templated":true}]}}