{"id":13465,"date":"2020-06-08T11:35:56","date_gmt":"2020-06-08T16:35:56","guid":{"rendered":"http:\/\/www.zonaroja.com.mx\/?p=13465"},"modified":"2020-06-08T11:35:59","modified_gmt":"2020-06-08T16:35:59","slug":"recrudece-conflicto-entre-tataltepec-de-valdes-y-tepenixtlahuaca","status":"publish","type":"post","link":"https:\/\/zonaroja.com.mx\/?p=13465","title":{"rendered":"Recrudece conflicto entre Tataltepec de Vald\u00e9s y Tepenixtlahuaca"},"content":{"rendered":"\n<p>Evlin Arag\u00f3n\/Zona Roja.<\/p>\n\n\n\n<p>Oaxaca de Ju\u00e1rez, Oax., 8 de junio de\n2020.- La falta de entrega de recursos de la autoridad municipal de Tataltepec\nde Vald\u00e9s ha ocasionado que desde hace casi una semana, habitantes de la\nagencia de Santa Cruz Tepenixtlahuaca mantengan un bloqueo en los accesos a la\nlocalidad, a fin de exigir el cumplimiento de los acuerdos en la asignaci\u00f3n de\npresupuesto p\u00fablico.<\/p>\n\n\n\n<p>Mediante un comunicado la autoridad\nde Tepenixtlahuaca asegur\u00f3 que existe una total cerraz\u00f3n y negativa por parte\ndel edil Dimas Ruiz L\u00f3pez y su Cabildo de entregar los recursos de los ramos 28\ny 33 del Fondo III y IV que le corresponden a su pueblo, raz\u00f3n por la que han\nactuado en consecuencia.<\/p>\n\n\n\n<p>Explicaron que de acuerdo con la\nsentencia del expediente SUP-REC 39\/2017 emitida por la Sala Superior del\nTribunal Electoral del Poder Judicial de la Federaci\u00f3n, la localidad de\nTepenixtlahuaca es aut\u00f3noma y el municipio debe incluso consultar las decisiones\nque afecten a su poblaci\u00f3n.<\/p>\n\n\n\n<p>As\u00ed mismo, la disposici\u00f3n oficial les\nconfiere el derecho de recibir los recursos p\u00fablicos que como agencia les\ncorresponde, lo cual tambi\u00e9n qued\u00f3 estipulado en un acuerdo firmado ante las\nautoridades de la Secretar\u00eda General de Gobierno, el 5 de julio del 2017.<\/p>\n\n\n\n<p>Dicho acuerdo establece que\nTepenixtlahuaca ya no intervendr\u00eda en la elecci\u00f3n del municipio y este por su\nparte se comprometi\u00f3 a reconocer la autonom\u00eda de la agencia y entregar el 46\npor ciento de los recursos de los ramos 28 y 33 Fondos III y IV, de acuerdo con\nel n\u00famero de habitantes, disposici\u00f3n que se cumpli\u00f3 cabalmente en el trienio\nanterior.<\/p>\n\n\n\n<p>Sin embargo, denunciaron que el\nactual presidente Dimas Ruiz L\u00f3pez pretende recortar 300 mil pesos del Ramo 33\nFondo III, lo cual ocasion\u00f3 la inconformidad por la que decidieron bloquear el\nacceso a la cabecera municipal Tataltepec de Vald\u00e9s, hasta que se realice el\ncumplimiento de los acuerdos.<\/p>\n\n\n\n<p>Al lugar arribaron elementos de la\nGuardia Nacional para evitar un enfrentamiento violento; no obstante, los\npobladores de Tepenixtlahuaca aseguraron que se ir\u00e1n hasta las \u00faltimas\nconsecuencias debido al mal actuar del edil y su Cabildo, que no respetan los\nacuerdos firmados por la autoridad estatal y federal.<\/p>\n\n\n\n<p>Por otra parte, de acuerdo con\ndiversas versiones, el conflicto lo gener\u00f3 una asesora de nombre Leticia\nCortez, que puso el presidente de Santa Catarina Juquila, Francisco Zavaleta,\nal edil de Tataltepec, a fin de allegarse de recursos para pr\u00f3xima campa\u00f1a\npol\u00edtica.<\/p>\n","protected":false},"excerpt":{"rendered":"<p>Evlin Arag\u00f3n\/Zona Roja. Oaxaca de Ju\u00e1rez, Oax., 8 de junio de 2020.- La falta de&hellip;<\/p>\n","protected":false},"author":2,"featured_media":13466,"comment_status":"closed","ping_status":"open","sticky":false,"template":"","format":"standard","meta":{"_lmt_disableupdate":"","_lmt_disable":"","_jetpack_memberships_contains_paid_content":false,"footnotes":""},"categories":[109,47],"tags":[1743],"class_list":["post-13465","post","type-post","status-publish","format-standard","has-post-thumbnail","hentry","category-minuto-a-minuto","category-zona-gris","tag-tataltepec-de-valdes"],"jetpack_featured_media_url":"https:\/\/zonaroja.com.mx\/wp-content\/uploads\/2020\/06\/Tataltepec-de-Valdez.jpg","jetpack_sharing_enabled":true,"_links":{"self":[{"href":"https:\/\/zonaroja.com.mx\/index.php?rest_route=\/wp\/v2\/posts\/13465","targetHints":{"allow":["GET"]}}],"collection":[{"href":"https:\/\/zonaroja.com.mx\/index.php?rest_route=\/wp\/v2\/posts"}],"about":[{"href":"https:\/\/zonaroja.com.mx\/index.php?rest_route=\/wp\/v2\/types\/post"}],"author":[{"embeddable":true,"href":"https:\/\/zonaroja.com.mx\/index.php?rest_route=\/wp\/v2\/users\/2"}],"replies":[{"embeddable":true,"href":"https:\/\/zonaroja.com.mx\/index.php?rest_route=%2Fwp%2Fv2%2Fcomments&post=13465"}],"version-history":[{"count":1,"href":"https:\/\/zonaroja.com.mx\/index.php?rest_route=\/wp\/v2\/posts\/13465\/revisions"}],"predecessor-version":[{"id":13467,"href":"https:\/\/zonaroja.com.mx\/index.php?rest_route=\/wp\/v2\/posts\/13465\/revisions\/13467"}],"wp:featuredmedia":[{"embeddable":true,"href":"https:\/\/zonaroja.com.mx\/index.php?rest_route=\/wp\/v2\/media\/13466"}],"wp:attachment":[{"href":"https:\/\/zonaroja.com.mx\/index.php?rest_route=%2Fwp%2Fv2%2Fmedia&parent=13465"}],"wp:term":[{"taxonomy":"category","embeddable":true,"href":"https:\/\/zonaroja.com.mx\/index.php?rest_route=%2Fwp%2Fv2%2Fcategories&post=13465"},{"taxonomy":"post_tag","embeddable":true,"href":"https:\/\/zonaroja.com.mx\/index.php?rest_route=%2Fwp%2Fv2%2Ftags&post=13465"}],"curies":[{"name":"wp","href":"https:\/\/api.w.org\/{rel}","templated":true}]}}