{"id":13475,"date":"2020-06-08T15:40:07","date_gmt":"2020-06-08T20:40:07","guid":{"rendered":"http:\/\/www.zonaroja.com.mx\/?p=13475"},"modified":"2020-06-08T15:40:10","modified_gmt":"2020-06-08T20:40:10","slug":"fase-tres-con-fiestas-patronales-palenques-y-fiestas-sociales-con-permiso","status":"publish","type":"post","link":"https:\/\/zonaroja.com.mx\/?p=13475","title":{"rendered":"Fase tres con fiestas patronales, palenques y fiestas sociales\u2026 con permiso"},"content":{"rendered":"\n<p>Yuridiana Sosa\/Zona Roja.<\/p>\n\n\n\n<p>Oaxaca de Ju\u00e1rez, Oax., 8 de junio de\n2020.- A pesar del sem\u00e1foro rojo en que se mantiene Oaxaca por Covid-19, con\nm\u00e1s de dos mil 200 casos y 235 defunciones, este fin de semana se llevaron a\ncabo diversos actos de concentraci\u00f3n masiva de forma clandestina y otras con\nanuencia de autoridades en la regi\u00f3n de Valles Centrales y la Costa.<\/p>\n\n\n\n<p>A pesar que la regi\u00f3n Valles\nCentrales es la que presenta una mayor incidencia de casos y muertes por\ncoronavirus en la entidad y como municipio conurbado a la capital oaxaque\u00f1a, el\nayuntamiento y comunidad de San Pedro Ixtlahuaca se alista para sus fiestas\npatronales este mes de junio.<\/p>\n\n\n\n<p>El edil Manuel Duarte P\u00e9rez ignor\u00f3 la\npandemia, pues los anuncios para el baile popular el pr\u00f3ximo 28 de junio est\u00e1n\nlistos en las bardas de la comunidad, as\u00ed como este fin de semana presumi\u00f3 en\nsu cuenta de twitter los preparativos para las calendad de este a\u00f1o.<\/p>\n\n\n\n<p>\u201cSiguiendo nuestros usos y costumbres\nde nuestra comunidad, acompa\u00f1ando al Alcalde \u00danico Constitucional quien realiza\nel nombramiento de las cabezamiento de madrinas de calenda de la\n#PrimeraSecci\u00f3n para nuestra fiesta patronal 2020 (..)\u201dsic, cit\u00f3 una parte del\nmensaje en el que a\u00f1adi\u00f3 fotograf\u00edas del acto, que despu\u00e9s elimin\u00f3.<\/p>\n\n\n\n<p>En Ixtlahuaca hay 13 casos positivos\na Covid-19 y un fallecimiento.<\/p>\n\n\n\n<p>En redes sociales tambi\u00e9n se\nevidenci\u00f3 la realizaci\u00f3n de una pelea de gallos el s\u00e1bado pasado, en el\nmunicipio de Tlalixtac de Cabrera, conurbado a la capital.<\/p>\n\n\n\n<p>En el video se apreci\u00f3 un acto\nampliamente concurrido, sin medidas de prevenci\u00f3n e higiene, y el cual\npresuntamente fue organizado por un funcionario estatal de la Secretar\u00eda de\nMovilidad (Semovi).<\/p>\n\n\n\n<p>Mientras que en otro municipio de\nValles Centrales, en San Felipe Tejal\u00e1pam, con siete casos confirmados de\nCovid-19, las fiestas sociales por usos y costumbres siguen vigentes.<\/p>\n\n\n\n<p>Vecinos de la comunidad, que temen de\nuna mayor propagaci\u00f3n, denunciaron que durante este fin de semana se realiz\u00f3\nuna pedida de mano, que implica una serie de rituales con la concurrencia de\nnumerosos integrantes de la familia, mientras que el pasado fin de semana una\nboda.<\/p>\n\n\n\n<p>De la misma forma, la poblaci\u00f3n\nmantiene numerosa asistencia en velorios y sepelios, los cuales las autoridades\nsanitarias tambi\u00e9n han restringido en asistencia a pesar que no se tratan de\nmuerte por Covid, esto con el fin de reducir la movilidad y riesgos de\ncontagios en ese tipo de actos.<\/p>\n\n\n\n<p>En la regi\u00f3n de la Costa, en el\nmunicipio de Huatulco las autoridades municipales lograron la suspensi\u00f3n de una\npelea de gallos, clandestina, que se efectuaba en un restaurante de Bah\u00eda de\nSan Agust\u00edn.<\/p>\n\n\n\n<p>Al lugar arribaron elementos de la\nPolic\u00eda Municipal y personal de la sindicatura municipal para realizar los\nactos pertinentes para detener y sancionar sobre esta actividad.<\/p>\n","protected":false},"excerpt":{"rendered":"<p>Yuridiana Sosa\/Zona Roja. Oaxaca de Ju\u00e1rez, Oax., 8 de junio de 2020.- A pesar del&hellip;<\/p>\n","protected":false},"author":2,"featured_media":13476,"comment_status":"closed","ping_status":"open","sticky":false,"template":"","format":"standard","meta":{"_lmt_disableupdate":"","_lmt_disable":"","_jetpack_memberships_contains_paid_content":false,"footnotes":""},"categories":[109,47],"tags":[1512],"class_list":["post-13475","post","type-post","status-publish","format-standard","has-post-thumbnail","hentry","category-minuto-a-minuto","category-zona-gris","tag-coronavirus-oaxaca"],"jetpack_featured_media_url":"https:\/\/zonaroja.com.mx\/wp-content\/uploads\/2020\/06\/San-Pedro-Ixtlahuaca.jpg","jetpack_sharing_enabled":true,"_links":{"self":[{"href":"https:\/\/zonaroja.com.mx\/index.php?rest_route=\/wp\/v2\/posts\/13475","targetHints":{"allow":["GET"]}}],"collection":[{"href":"https:\/\/zonaroja.com.mx\/index.php?rest_route=\/wp\/v2\/posts"}],"about":[{"href":"https:\/\/zonaroja.com.mx\/index.php?rest_route=\/wp\/v2\/types\/post"}],"author":[{"embeddable":true,"href":"https:\/\/zonaroja.com.mx\/index.php?rest_route=\/wp\/v2\/users\/2"}],"replies":[{"embeddable":true,"href":"https:\/\/zonaroja.com.mx\/index.php?rest_route=%2Fwp%2Fv2%2Fcomments&post=13475"}],"version-history":[{"count":1,"href":"https:\/\/zonaroja.com.mx\/index.php?rest_route=\/wp\/v2\/posts\/13475\/revisions"}],"predecessor-version":[{"id":13477,"href":"https:\/\/zonaroja.com.mx\/index.php?rest_route=\/wp\/v2\/posts\/13475\/revisions\/13477"}],"wp:featuredmedia":[{"embeddable":true,"href":"https:\/\/zonaroja.com.mx\/index.php?rest_route=\/wp\/v2\/media\/13476"}],"wp:attachment":[{"href":"https:\/\/zonaroja.com.mx\/index.php?rest_route=%2Fwp%2Fv2%2Fmedia&parent=13475"}],"wp:term":[{"taxonomy":"category","embeddable":true,"href":"https:\/\/zonaroja.com.mx\/index.php?rest_route=%2Fwp%2Fv2%2Fcategories&post=13475"},{"taxonomy":"post_tag","embeddable":true,"href":"https:\/\/zonaroja.com.mx\/index.php?rest_route=%2Fwp%2Fv2%2Ftags&post=13475"}],"curies":[{"name":"wp","href":"https:\/\/api.w.org\/{rel}","templated":true}]}}