{"id":13478,"date":"2020-06-08T18:39:00","date_gmt":"2020-06-08T23:39:00","guid":{"rendered":"http:\/\/www.zonaroja.com.mx\/?p=13478"},"modified":"2020-06-08T18:39:05","modified_gmt":"2020-06-08T23:39:05","slug":"lanzan-peticion-en-change-para-exigir-juicio-de-edil-de-oaxaca-capital","status":"publish","type":"post","link":"https:\/\/zonaroja.com.mx\/?p=13478","title":{"rendered":"Lanzan petici\u00f3n en Change para exigir juicio de edil de Oaxaca capital"},"content":{"rendered":"\n<p>Evlin Arag\u00f3n\/Zona Roja.<\/p>\n\n\n\n<p>Oaxaca de Ju\u00e1rez, Oax., 8 de junio de\n2020.- A trav\u00e9s de una petici\u00f3n en la plataforma de activismo Change.org,\nmujeres oaxaque\u00f1as se han dado a la tarea de recabar firmas para exigir que el\nedil de Oaxaca de Ju\u00e1rez, Oswaldo Garc\u00eda Jarqu\u00edn, sea enjuiciado por violencia\npol\u00edtica por raz\u00f3n de g\u00e9nero y desacato a la Constituci\u00f3n Pol\u00edtica de M\u00e9xico.<\/p>\n\n\n\n<p>Lo anterior tras 12 d\u00edas de la\ndestituci\u00f3n de Jaquelina Escamilla Villanueva como directora del Instituto\nMunicipal de la Mujeres, acci\u00f3n que fue catalogada como violencia pol\u00edtica\nincluso por la titular del Instituto Nacional de las Mujeres, Nadine Gasman.<\/p>\n\n\n\n<p>\u201cPedimos la reintegraci\u00f3n de\nJaquelina Escamilla Villanueva en IMMujeresoax v\u00edctima de violencia pol\u00edtica de\ng\u00e9nero por el alcalde Oswaldo Garc\u00eda. Igualmente exigimos que sea enjuiciado\npor violencia pol\u00edtica con raz\u00f3n de g\u00e9nero y por el no acato de la Constituci\u00f3n\nde M\u00e9xico\u201d, refiere la petici\u00f3n.<\/p>\n\n\n\n<p>El escrito es dirigido al Presidente\nde la Rep\u00fablica, Andr\u00e9s Manuel L\u00f3pez Obrador, as\u00ed como a las titulares de la\nSecretar\u00eda de Gobernaci\u00f3n y del Instituto Nacional de las Mujeres, Olga S\u00e1nchez\nCordero y Nadine Gasman, respectivamente, adem\u00e1s de a las senadoras Luc\u00eda\nM\u00edcher Camarena y Minerva Hern\u00e1ndez Mora.<\/p>\n\n\n\n<p>Ah\u00ed explican que la destituci\u00f3n de la\nfuncionaria se dio despu\u00e9s de los problemas t\u00e9cnicos que se generaron y que\nimpidieron la transmisi\u00f3n de una conferencia virtual titulada \u00abPreservar\nla vida, la m\u00e1xima necesidad en este tiempo\u00bb, la cual fue organizada por\nel propio edil y fue denunciada previamente como contraria al derecho de las mujeres\na decidir sobre su cuerpo. <\/p>\n\n\n\n<p>\u201cEl alcalde debe ser juzgado y\ncastigado de forma ejemplar ya que fue elegido con la esperanza de un cambio de\ngobierno y mentalidad\u201d, indican.<\/p>\n\n\n\n<p>De acuerdo con el documento que\ninvita a la recolecci\u00f3n de firmas, el edil no s\u00f3lo cometi\u00f3 el delito de\nviolencia pol\u00edtica por raz\u00f3n de g\u00e9nero, sino que tambi\u00e9n trato de imponer sus\nideas personales, de car\u00e1cter religioso, en un Estado laico garantizado en la\nm\u00e1xima ley del pa\u00eds.<\/p>\n\n\n\n<p>\u201cLas mujeres mexicanas estamos hartas\nde esta violencia. Pedimos que los servidores p\u00fablicos sean juzgados,\nsustituidos y castigados para que nunca m\u00e1s se sientan intocables. Lo \u00fanico\nintocable son los derechos humanos y la constituci\u00f3n. No se puede gobernar\nanteponiendo sus ideas personales. M\u00e9xico es un pa\u00eds laico\u201d, concluyen.<\/p>\n\n\n\n<p>La petici\u00f3n se une al reclamo de\ndecenas de activistas, integrantes de la sociedad civil, funcionarias p\u00fablicas\ny representante populares, que lamentaron que la violencia en contra de la\nfuncionaria venga desde dentro de la administraci\u00f3n p\u00fablica y peor a\u00fan de quien\nla encabeza, a la par que han exigido que est\u00e1 sea resarcida y sancionada.<\/p>\n\n\n\n<p>Fue el pasado 27 de mayo que, a\ntrav\u00e9s de un video en las redes sociales, Jaquelina Escamilla Villanueva\ndenunci\u00f3 su despido injustificado, el cual fue confirmado dos d\u00edas despu\u00e9s por\nla autoridad municipal que argument\u00f3 seguir los ordenamientos legales que rigen\na la administraci\u00f3n p\u00fablica tras la insubordinaci\u00f3n por parte de la\nfuncionaria.<\/p>\n\n\n\n<p>De acuerdo al comunicado emitido por\nel ayuntamiento el actuar de la funcionaria vulner\u00f3 el principio de objetividad\nde las y los servidores p\u00fablicos municipales y el derecho humano de igualdad,\nlo que deriv\u00f3 en su despido con \u201crespeto irrestricto de sus derechos humanos\u201d.<\/p>\n\n\n\n<p>Aqu\u00ed el enlace para la firma:<\/p>\n\n\n\n<figure class=\"wp-block-embed\"><div class=\"wp-block-embed__wrapper\">\nhttps:\/\/www.change.org\/p\/presidente-de-m%C3%A9xico-lic-andr%C3%A9s-manuel-l%C3%B3pez-obrador-restituci%C3%B3n-en-immujeresoax-a-jaquelina-e-victima-de-violencia-pol%C3%ADtica-por-oswaldo-g-a\n<\/div><\/figure>\n","protected":false},"excerpt":{"rendered":"<p>Evlin Arag\u00f3n\/Zona Roja. Oaxaca de Ju\u00e1rez, Oax., 8 de junio de 2020.- A trav\u00e9s de&hellip;<\/p>\n","protected":false},"author":2,"featured_media":13479,"comment_status":"closed","ping_status":"open","sticky":false,"template":"","format":"standard","meta":{"_lmt_disableupdate":"","_lmt_disable":"","_jetpack_memberships_contains_paid_content":false,"footnotes":""},"categories":[109,47],"tags":[244],"class_list":["post-13478","post","type-post","status-publish","format-standard","has-post-thumbnail","hentry","category-minuto-a-minuto","category-zona-gris","tag-jaqueline-escamilla-villanueva"],"jetpack_featured_media_url":"https:\/\/zonaroja.com.mx\/wp-content\/uploads\/2020\/06\/Cnange-Jaquelinne.jpg","jetpack_sharing_enabled":true,"_links":{"self":[{"href":"https:\/\/zonaroja.com.mx\/index.php?rest_route=\/wp\/v2\/posts\/13478","targetHints":{"allow":["GET"]}}],"collection":[{"href":"https:\/\/zonaroja.com.mx\/index.php?rest_route=\/wp\/v2\/posts"}],"about":[{"href":"https:\/\/zonaroja.com.mx\/index.php?rest_route=\/wp\/v2\/types\/post"}],"author":[{"embeddable":true,"href":"https:\/\/zonaroja.com.mx\/index.php?rest_route=\/wp\/v2\/users\/2"}],"replies":[{"embeddable":true,"href":"https:\/\/zonaroja.com.mx\/index.php?rest_route=%2Fwp%2Fv2%2Fcomments&post=13478"}],"version-history":[{"count":1,"href":"https:\/\/zonaroja.com.mx\/index.php?rest_route=\/wp\/v2\/posts\/13478\/revisions"}],"predecessor-version":[{"id":13480,"href":"https:\/\/zonaroja.com.mx\/index.php?rest_route=\/wp\/v2\/posts\/13478\/revisions\/13480"}],"wp:featuredmedia":[{"embeddable":true,"href":"https:\/\/zonaroja.com.mx\/index.php?rest_route=\/wp\/v2\/media\/13479"}],"wp:attachment":[{"href":"https:\/\/zonaroja.com.mx\/index.php?rest_route=%2Fwp%2Fv2%2Fmedia&parent=13478"}],"wp:term":[{"taxonomy":"category","embeddable":true,"href":"https:\/\/zonaroja.com.mx\/index.php?rest_route=%2Fwp%2Fv2%2Fcategories&post=13478"},{"taxonomy":"post_tag","embeddable":true,"href":"https:\/\/zonaroja.com.mx\/index.php?rest_route=%2Fwp%2Fv2%2Ftags&post=13478"}],"curies":[{"name":"wp","href":"https:\/\/api.w.org\/{rel}","templated":true}]}}