{"id":13481,"date":"2020-06-08T20:54:24","date_gmt":"2020-06-09T01:54:24","guid":{"rendered":"http:\/\/www.zonaroja.com.mx\/?p=13481"},"modified":"2020-06-08T20:54:30","modified_gmt":"2020-06-09T01:54:30","slug":"edil-de-ixtepec-denuncia-irregularidades-en-entrega-de-despensas-del-gobierno","status":"publish","type":"post","link":"https:\/\/zonaroja.com.mx\/?p=13481","title":{"rendered":"Edil de Ixtepec denuncia \u201cirregularidades\u201d en entrega de despensas del gobierno"},"content":{"rendered":"\n<p>Yuridiana Sosa\/Zona Roja.<\/p>\n\n\n\n<p>Oaxaca de Ju\u00e1rez, Oax.- 8 de junio de\n2020.- El presidente municipal de Ciudad Ixtepec, Rogelio Cheng L\u00f3pez, denunci\u00f3\nque el gobierno de Oaxaca realiza de forma arbitraria la entrega de despensas\nque el Congreso autoriz\u00f3 para enfrentar la pandemia de Covid-19, al solicitar copia\nde credencial de elector.<\/p>\n\n\n\n<p>El edil de la regi\u00f3n del Istmo exigi\u00f3\nal gobernador Alejandro Murat que cumpla con la entrega de apoyos de forma institucional\npor medio del Sistema para el Desarrollo Integral de la Familia, de lo Estatal\na lo municipal, por lo que le pidi\u00f3 un alto a la entrega que realizan empleados\ndel gobierno.<\/p>\n\n\n\n<p>Por medio de oficio, Cheng L\u00f3pez\nse\u00f1al\u00f3 que la C\u00e1mara de Diputados autoriz\u00f3 m\u00e1s de 200 mil despensas de apoyo\nalimentario para las familias oaxaque\u00f1as, los cuales deb\u00edan entregarse a los\nayuntamientos para su posterior distribuci\u00f3n en la poblaci\u00f3n, lo cual no se\nrespet\u00f3.<\/p>\n\n\n\n<p>El Gobierno del Estado, a trav\u00e9s de\nlos ciudadanos Luis Alfonso Mart\u00ednez Ruiz y Antonio Cabrera Villalba,\ncondicionan el apoyo a cambio de copia de la credencial del Instituto Nacional\nElectoral, expuso el presidente respaldado por el cabildo municipal.<\/p>\n\n\n\n<p>Por lo que demand\u00f3 el cese de esa\nactividad bajo esos esquemas y cumpla por la v\u00eda institucional la dispersi\u00f3n de\nrecursos autorizados por el Poder Legislativo.<\/p>\n","protected":false},"excerpt":{"rendered":"<p>Yuridiana Sosa\/Zona Roja. Oaxaca de Ju\u00e1rez, Oax.- 8 de junio de 2020.- El presidente municipal&hellip;<\/p>\n","protected":false},"author":2,"featured_media":13482,"comment_status":"closed","ping_status":"open","sticky":false,"template":"","format":"standard","meta":{"_lmt_disableupdate":"","_lmt_disable":"","_jetpack_memberships_contains_paid_content":false,"footnotes":""},"categories":[109,47],"tags":[703],"class_list":["post-13481","post","type-post","status-publish","format-standard","has-post-thumbnail","hentry","category-minuto-a-minuto","category-zona-gris","tag-ciudad-ixtepec"],"jetpack_featured_media_url":"https:\/\/zonaroja.com.mx\/wp-content\/uploads\/2020\/06\/despensas.jpg","jetpack_sharing_enabled":true,"_links":{"self":[{"href":"https:\/\/zonaroja.com.mx\/index.php?rest_route=\/wp\/v2\/posts\/13481","targetHints":{"allow":["GET"]}}],"collection":[{"href":"https:\/\/zonaroja.com.mx\/index.php?rest_route=\/wp\/v2\/posts"}],"about":[{"href":"https:\/\/zonaroja.com.mx\/index.php?rest_route=\/wp\/v2\/types\/post"}],"author":[{"embeddable":true,"href":"https:\/\/zonaroja.com.mx\/index.php?rest_route=\/wp\/v2\/users\/2"}],"replies":[{"embeddable":true,"href":"https:\/\/zonaroja.com.mx\/index.php?rest_route=%2Fwp%2Fv2%2Fcomments&post=13481"}],"version-history":[{"count":1,"href":"https:\/\/zonaroja.com.mx\/index.php?rest_route=\/wp\/v2\/posts\/13481\/revisions"}],"predecessor-version":[{"id":13483,"href":"https:\/\/zonaroja.com.mx\/index.php?rest_route=\/wp\/v2\/posts\/13481\/revisions\/13483"}],"wp:featuredmedia":[{"embeddable":true,"href":"https:\/\/zonaroja.com.mx\/index.php?rest_route=\/wp\/v2\/media\/13482"}],"wp:attachment":[{"href":"https:\/\/zonaroja.com.mx\/index.php?rest_route=%2Fwp%2Fv2%2Fmedia&parent=13481"}],"wp:term":[{"taxonomy":"category","embeddable":true,"href":"https:\/\/zonaroja.com.mx\/index.php?rest_route=%2Fwp%2Fv2%2Fcategories&post=13481"},{"taxonomy":"post_tag","embeddable":true,"href":"https:\/\/zonaroja.com.mx\/index.php?rest_route=%2Fwp%2Fv2%2Ftags&post=13481"}],"curies":[{"name":"wp","href":"https:\/\/api.w.org\/{rel}","templated":true}]}}