{"id":13490,"date":"2020-06-09T07:42:51","date_gmt":"2020-06-09T12:42:51","guid":{"rendered":"http:\/\/www.zonaroja.com.mx\/?p=13490"},"modified":"2020-06-09T07:42:56","modified_gmt":"2020-06-09T12:42:56","slug":"alerta-la-oms-que-la-pandemia-esta-empeorando-en-el-mundo","status":"publish","type":"post","link":"https:\/\/zonaroja.com.mx\/?p=13490","title":{"rendered":"Alerta la OMS que la pandemia est\u00e1 empeorando en el mundo"},"content":{"rendered":"\n<p>Redacci\u00f3n\/Zona Roja Cdmx.<\/p>\n\n\n\n<p>Ciudad de M\u00e9xico, 9 de junio de\n2020.- La Organizaci\u00f3n Mundial de la Salud (OMS) alert\u00f3 que la pandemia de\ncoronavirus est\u00e1 empeorando en todo el planeta.<\/p>\n\n\n\n<p>\u201cAunque la situaci\u00f3n en Europa est\u00e1\nmejorando, a escala mundial est\u00e1 empeorando\u201d, dijo el director general de la\nOMS, Tedros Adhanom Ghebreyesus, en una videoconferencia de prensa desde\nGinebra. <\/p>\n\n\n\n<p>El coronavirus ha provocado al menos\n403 mil 449 muertos en el planeta desde que apareci\u00f3 en diciembre, seg\u00fan un\nbalance establecido sobre la base de fuentes oficiales. <\/p>\n\n\n\n<p>En el caso de M\u00e9xico, la Secretar\u00eda\nde Salud (SSa) reporta ayer la muerte de 14 mil 53 personas a causa de\nCovid-19, as\u00ed como un total de 120 mil 102 contagios acumulados del nuevo\ncoronavirus.<\/p>\n\n\n\n<p>A nivel mundial, el representante de\nla OMS expuso que en nueve de los \u00faltimos 10 d\u00edas se reportaron m\u00e1s de 100 mil\ncasos. <\/p>\n\n\n\n<p>El nuevo coronavirus ha cobrado la\nvida de m\u00e1s de 403 mil personas y ha infectado al menos a siete millones desde\nque apareci\u00f3 en China el pasado diciembre, seg\u00fan el \u00faltimo balance. <\/p>\n\n\n\n<p>Despu\u00e9s del este de Asia, Europa se\nconvirti\u00f3 en el epicentro de la pandemia, pero ahora \u00e9ste se encuentra en\nAm\u00e9rica. \u201cNo es el momento de que ning\u00fan pa\u00eds quite el pie del acelerador\u201d,\ndijo el director general de la OMS y advirti\u00f3 que en los pa\u00edses en los que la\nsituaci\u00f3n est\u00e1 mejorando.<\/p>\n\n\n\n<p>\u201cLlevamos m\u00e1s de seis meses en esta\npandemia, no es el momento de que ning\u00fan pa\u00eds quite el pie del acelerador\u201d,\ndijo. <\/p>\n\n\n\n<p>Por separado, la l\u00edder t\u00e9cnica frente\nal covid-19, Mar\u00eda Von Kerkhove, se refiri\u00f3 a que algunos pa\u00edses en los que se\nhace seguimiento a personas infectadas con el virus, pero que son\nasintom\u00e1ticas, est\u00e1n reportando que no se observa que ellos transmitan la\nenfermedad. <\/p>\n","protected":false},"excerpt":{"rendered":"<p>Redacci\u00f3n\/Zona Roja Cdmx. Ciudad de M\u00e9xico, 9 de junio de 2020.- La Organizaci\u00f3n Mundial de&hellip;<\/p>\n","protected":false},"author":2,"featured_media":13491,"comment_status":"closed","ping_status":"open","sticky":false,"template":"","format":"standard","meta":{"_lmt_disableupdate":"","_lmt_disable":"","_jetpack_memberships_contains_paid_content":false,"footnotes":""},"categories":[109,47],"tags":[1510],"class_list":["post-13490","post","type-post","status-publish","format-standard","has-post-thumbnail","hentry","category-minuto-a-minuto","category-zona-gris","tag-coronavirus-pandemia-global"],"jetpack_featured_media_url":"https:\/\/zonaroja.com.mx\/wp-content\/uploads\/2020\/06\/Director-OMS.jpg","jetpack_sharing_enabled":true,"_links":{"self":[{"href":"https:\/\/zonaroja.com.mx\/index.php?rest_route=\/wp\/v2\/posts\/13490","targetHints":{"allow":["GET"]}}],"collection":[{"href":"https:\/\/zonaroja.com.mx\/index.php?rest_route=\/wp\/v2\/posts"}],"about":[{"href":"https:\/\/zonaroja.com.mx\/index.php?rest_route=\/wp\/v2\/types\/post"}],"author":[{"embeddable":true,"href":"https:\/\/zonaroja.com.mx\/index.php?rest_route=\/wp\/v2\/users\/2"}],"replies":[{"embeddable":true,"href":"https:\/\/zonaroja.com.mx\/index.php?rest_route=%2Fwp%2Fv2%2Fcomments&post=13490"}],"version-history":[{"count":1,"href":"https:\/\/zonaroja.com.mx\/index.php?rest_route=\/wp\/v2\/posts\/13490\/revisions"}],"predecessor-version":[{"id":13492,"href":"https:\/\/zonaroja.com.mx\/index.php?rest_route=\/wp\/v2\/posts\/13490\/revisions\/13492"}],"wp:featuredmedia":[{"embeddable":true,"href":"https:\/\/zonaroja.com.mx\/index.php?rest_route=\/wp\/v2\/media\/13491"}],"wp:attachment":[{"href":"https:\/\/zonaroja.com.mx\/index.php?rest_route=%2Fwp%2Fv2%2Fmedia&parent=13490"}],"wp:term":[{"taxonomy":"category","embeddable":true,"href":"https:\/\/zonaroja.com.mx\/index.php?rest_route=%2Fwp%2Fv2%2Fcategories&post=13490"},{"taxonomy":"post_tag","embeddable":true,"href":"https:\/\/zonaroja.com.mx\/index.php?rest_route=%2Fwp%2Fv2%2Ftags&post=13490"}],"curies":[{"name":"wp","href":"https:\/\/api.w.org\/{rel}","templated":true}]}}