{"id":13499,"date":"2020-06-09T11:24:28","date_gmt":"2020-06-09T16:24:28","guid":{"rendered":"http:\/\/www.zonaroja.com.mx\/?p=13499"},"modified":"2020-06-09T11:24:31","modified_gmt":"2020-06-09T16:24:31","slug":"los-42-anos-de-la-apo-y-los-que-faltan","status":"publish","type":"post","link":"https:\/\/zonaroja.com.mx\/?p=13499","title":{"rendered":"Los 42 a\u00f1os de la APO y\u2026 \u00a1los que faltan!"},"content":{"rendered":"\n<p>Antonio G. Sumano<\/p>\n\n\n\n<p>Oaxaca de Ju\u00e1rez, Oax., 9 de junio de\n2020.- En la d\u00e9cada de los 70, una pl\u00e9yade reporteril y algunos directores de\ndiarios y revistas de Oaxaca, germinaban la idea de formar una organizaci\u00f3n de\ncomunicadores, lo que dio pas\u00f3 a DUO (Diaristas Unidos de Oaxaca).<\/p>\n\n\n\n<p>Ese organismo fue ef\u00edmero, pero\nplant\u00f3 la plataforma que dio paso y conformaci\u00f3n de lo que hoy es la Asociaci\u00f3n\nde Periodistas de Oaxaca (APO), una de las m\u00e1s longevas del pa\u00eds.<\/p>\n\n\n\n<p>En voz de Felipe S\u00e1nchez Jim\u00e9nez,\nfundador y decano, \u201cel proyecto madur\u00f3 gracias a la colaboraci\u00f3n y conducci\u00f3n\nde periodistas de renombre como do\u00f1a Arcelia Ya\u00f1iz, Benito Garc\u00eda, H\u00e9ctor Loyo\nMu\u00f1oz. <\/p>\n\n\n\n<p>\u201cEra gobernador el general Eliseo\nJim\u00e9nez Ruiz, quien apoy\u00f3 la idea. Fue decisiva la colaboraci\u00f3n que tuvimos del\ndesaparecido Luis Meixueiro, quien entonces era su secretario de Gobierno\u201d.<\/p>\n\n\n\n<p>Revela que la agrupaci\u00f3n gener\u00f3\nsuspicacia entre los editores y due\u00f1os de radiodifusoras. \u201cPensaban que nuestra\nasociaci\u00f3n nac\u00eda con fines sindicalistas\u201d. <\/p>\n\n\n\n<p>A pesar de ello, se iniciaron reuniones\nen algunos restaurantes, bares y cafeter\u00edas. El 7 de junio de 1983 tuvimos\nnuestro primer centro de reuni\u00f3n en la avenida Ju\u00e1rez esquina con Murgu\u00eda\n(Edifico Quintana).<\/p>\n\n\n\n<p>Despu\u00e9s de pr\u00e1cticamente una d\u00e9cada\nde itinerantes domicilios, la APO logr\u00f3 una sede permanente &#8211;en la\nadministraci\u00f3n de Jos\u00e9 Murat- en Gonz\u00e1lez Ortega 603 del centro de la capital,\npara la celebraci\u00f3n de asambleas ordinarias, conferencias y actividades\nacad\u00e9micas, culturales y sociales.<\/p>\n\n\n\n<p>Nuestros objetivos son muy claros:\nsuperaci\u00f3n profesional del gremio.<\/p>\n\n\n\n<p>La APO, nuestra asociaci\u00f3n que este\njunio cumple 42 a\u00f1os, es la \u00fanica que ha cumplido con todos los tr\u00e1mites para\nsu registro legal. <\/p>\n\n\n\n<p>Vale recordar la intensa labor de la\ndesaparecida maestra Arcelia Ya\u00f1iz para que la gremial obtuviera todos los\nregistros protocolarios, refiere S\u00e1nchez Jim\u00e9nez.&nbsp;&nbsp;&nbsp;&nbsp; <\/p>\n\n\n\n<p>Consolidada como la asociaci\u00f3n de\nperiodistas de mayor permanencia, tiene abierta sus puertas para todos los\ncomunicadores que deseen participar en nuestros cursos de capacitaci\u00f3n,\nconferencias y servicios de biblioteca e internet que tenemos.<\/p>\n\n\n\n<p>Lo que hace diferente a la APO de las\ndem\u00e1s organizaciones es tener una sede permanente y reconocimiento oficial, lo\nque nos obliga ser un grupo de periodistas incluyente y plural. <\/p>\n\n\n\n<p>Nuestras puertas est\u00e1n abiertas para\ntodos los colegas. Tambi\u00e9n para todos los grupos, personas y organizaciones que\ndesean exponer sus ideas o manifestaciones art\u00edsticas, afirma.<\/p>\n\n\n\n<p>Estamos cumpliendo 42 a\u00f1os y vamos a\nser persistentes en la profesionalizaci\u00f3n de los comunicadores oaxaque\u00f1os,\nconcluye.<\/p>\n","protected":false},"excerpt":{"rendered":"<p>Antonio G. Sumano Oaxaca de Ju\u00e1rez, Oax., 9 de junio de 2020.- En la d\u00e9cada&hellip;<\/p>\n","protected":false},"author":2,"featured_media":7610,"comment_status":"closed","ping_status":"open","sticky":false,"template":"","format":"standard","meta":{"_lmt_disableupdate":"","_lmt_disable":"","_jetpack_memberships_contains_paid_content":false,"footnotes":""},"categories":[109,48],"tags":[1353],"class_list":["post-13499","post","type-post","status-publish","format-standard","has-post-thumbnail","hentry","category-minuto-a-minuto","category-zona-critica","tag-opinion-zona-critica"],"jetpack_featured_media_url":"https:\/\/zonaroja.com.mx\/wp-content\/uploads\/2020\/01\/Opini\u00f3n-Zona-Cr\u00edtica.jpg","jetpack_sharing_enabled":true,"_links":{"self":[{"href":"https:\/\/zonaroja.com.mx\/index.php?rest_route=\/wp\/v2\/posts\/13499","targetHints":{"allow":["GET"]}}],"collection":[{"href":"https:\/\/zonaroja.com.mx\/index.php?rest_route=\/wp\/v2\/posts"}],"about":[{"href":"https:\/\/zonaroja.com.mx\/index.php?rest_route=\/wp\/v2\/types\/post"}],"author":[{"embeddable":true,"href":"https:\/\/zonaroja.com.mx\/index.php?rest_route=\/wp\/v2\/users\/2"}],"replies":[{"embeddable":true,"href":"https:\/\/zonaroja.com.mx\/index.php?rest_route=%2Fwp%2Fv2%2Fcomments&post=13499"}],"version-history":[{"count":1,"href":"https:\/\/zonaroja.com.mx\/index.php?rest_route=\/wp\/v2\/posts\/13499\/revisions"}],"predecessor-version":[{"id":13500,"href":"https:\/\/zonaroja.com.mx\/index.php?rest_route=\/wp\/v2\/posts\/13499\/revisions\/13500"}],"wp:featuredmedia":[{"embeddable":true,"href":"https:\/\/zonaroja.com.mx\/index.php?rest_route=\/wp\/v2\/media\/7610"}],"wp:attachment":[{"href":"https:\/\/zonaroja.com.mx\/index.php?rest_route=%2Fwp%2Fv2%2Fmedia&parent=13499"}],"wp:term":[{"taxonomy":"category","embeddable":true,"href":"https:\/\/zonaroja.com.mx\/index.php?rest_route=%2Fwp%2Fv2%2Fcategories&post=13499"},{"taxonomy":"post_tag","embeddable":true,"href":"https:\/\/zonaroja.com.mx\/index.php?rest_route=%2Fwp%2Fv2%2Ftags&post=13499"}],"curies":[{"name":"wp","href":"https:\/\/api.w.org\/{rel}","templated":true}]}}