{"id":13507,"date":"2020-06-09T14:23:59","date_gmt":"2020-06-09T19:23:59","guid":{"rendered":"http:\/\/www.zonaroja.com.mx\/?p=13507"},"modified":"2020-06-09T14:24:02","modified_gmt":"2020-06-09T19:24:02","slug":"encarcelan-a-una-indigena-mixe-por-defenderse-de-su-agresor","status":"publish","type":"post","link":"https:\/\/zonaroja.com.mx\/?p=13507","title":{"rendered":"Encarcelan a una ind\u00edgena Mixe por defenderse de su agresor"},"content":{"rendered":"\n<p>Evlin Arag\u00f3n\/Zona Roja.<\/p>\n\n\n\n<p>Oaxaca de Ju\u00e1rez, Oax., 9 de junio de 2020.- Una fotograf\u00eda difundida a trav\u00e9s de las redes sociales da cuenta que una mujer fue encarcelada en San Juan Mazatl\u00e1n Mixe, luego de defenderse de una agresi\u00f3n f\u00edsica en su contra, al interior de su vivienda.<\/p>\n\n\n\n<p>As\u00ed lo reportaron usuarios en las\nredes sociales, en donde se dio a conocer que los hechos registraron este fin\nde semana en la localidad de la zona del Bajo Mixe del estado de Oaxaca, en\ndonde la mujer de nombre Teodora Epitacio Regina, fue llevada por las\nautoridades municipales a los separos, junto con su hija de tan s\u00f3lo tres a\u00f1os\nde edad.<\/p>\n\n\n\n<p>De acuerdo con el testimonio que\npiden difundir, fue la tarde del s\u00e1bado que un sujeto de nombre Donato Marcial,\ningres\u00f3 al domicilio de la mujer para amenazar con un arma de fuego a la\nfamilia.<\/p>\n\n\n\n<p>\u201cEl se\u00f1or antes mencionado ingres\u00f3 al\ndomicilio de la se\u00f1ora portando un arma de fuego en su mano agrediendo a la\nfamilia verbalmente y lleg\u00f3 a unos extremos hasta amenazar a la se\u00f1ora, la\nfamilia se defendi\u00f3 y por eso encarcelaron a la mujer\u201d, cita la publicaci\u00f3n en\nla que adem\u00e1s aseguran que la se\u00f1ora fue agredida sexualmente.<\/p>\n\n\n\n<p>Lejos de actuar en contra del\nagresor, elementos de la polic\u00eda municipal trasladaron a la mujer a los\nseparos, lo que ocasion\u00f3 el malestar de una parte de la poblaci\u00f3n que asegura\nno existe autoridad en el municipio. <\/p>\n\n\n\n<p>\u201cNo hacen justicia bien, se vende por\nunos pesos queremos justicia ya que el s\u00edndico y todos los que trabajan ah\u00ed no\nsaben realizar su papel su trabajo\u201d, refiere la denuncia en que tambi\u00e9n\nevidencian que el pasado 23 de mayo la autoridad municipal mat\u00f3 a golpes a una\npersona.<\/p>\n\n\n\n<p>Finalmente pidieron la intervenci\u00f3n\nde la Defensor\u00eda de los Derecho Humanos de Oaxaca y las sanciones\ncorrespondientes para los elementos policiacos que abusan del poder en contra\ndel pueblo.<\/p>\n\n\n\n<p>No es la primera vez que trasciende\neste tipo de informaci\u00f3n en la localidad de San Juan Mazatl\u00e1n Mixe, de la\nregi\u00f3n Sierra Norte, ya que a finales del mes de octubre del 2019 unas\nfotograf\u00edas dieron cuenta del abuso de autoridad, cometido presuntamente por el\ns\u00edndico municipal, Victorino Cabrera Andr\u00e9s, quien orden\u00f3 encarcelar a una\nmujer ind\u00edgena con sus dos hijos, una ni\u00f1a de ocho a\u00f1os y uno de dos a\u00f1os, sin\ncometer delito alguno.<\/p>\n\n\n\n<p>La falta que presuntamente cometi\u00f3 la\nmujer fue haber preguntado por su esposo, quien llevaba m\u00e1s de 48 horas en la\nc\u00e1rcel, situaci\u00f3n que disgust\u00f3 a la autoridad, que orden\u00f3 la detenci\u00f3n de toda\nla familia, incluyendo a dos menores de edad.<\/p>\n","protected":false},"excerpt":{"rendered":"<p>Evlin Arag\u00f3n\/Zona Roja. Oaxaca de Ju\u00e1rez, Oax., 9 de junio de 2020.- Una fotograf\u00eda difundida&hellip;<\/p>\n","protected":false},"author":2,"featured_media":13508,"comment_status":"closed","ping_status":"open","sticky":false,"template":"","format":"standard","meta":{"_lmt_disableupdate":"","_lmt_disable":"","_jetpack_memberships_contains_paid_content":false,"footnotes":""},"categories":[109,47],"tags":[933],"class_list":["post-13507","post","type-post","status-publish","format-standard","has-post-thumbnail","hentry","category-minuto-a-minuto","category-zona-gris","tag-san-juan-mazatlan-mixe"],"jetpack_featured_media_url":"https:\/\/zonaroja.com.mx\/wp-content\/uploads\/2020\/06\/San-Juan-Mazatl\u00e1n-Mixe.jpg","jetpack_sharing_enabled":true,"_links":{"self":[{"href":"https:\/\/zonaroja.com.mx\/index.php?rest_route=\/wp\/v2\/posts\/13507","targetHints":{"allow":["GET"]}}],"collection":[{"href":"https:\/\/zonaroja.com.mx\/index.php?rest_route=\/wp\/v2\/posts"}],"about":[{"href":"https:\/\/zonaroja.com.mx\/index.php?rest_route=\/wp\/v2\/types\/post"}],"author":[{"embeddable":true,"href":"https:\/\/zonaroja.com.mx\/index.php?rest_route=\/wp\/v2\/users\/2"}],"replies":[{"embeddable":true,"href":"https:\/\/zonaroja.com.mx\/index.php?rest_route=%2Fwp%2Fv2%2Fcomments&post=13507"}],"version-history":[{"count":1,"href":"https:\/\/zonaroja.com.mx\/index.php?rest_route=\/wp\/v2\/posts\/13507\/revisions"}],"predecessor-version":[{"id":13509,"href":"https:\/\/zonaroja.com.mx\/index.php?rest_route=\/wp\/v2\/posts\/13507\/revisions\/13509"}],"wp:featuredmedia":[{"embeddable":true,"href":"https:\/\/zonaroja.com.mx\/index.php?rest_route=\/wp\/v2\/media\/13508"}],"wp:attachment":[{"href":"https:\/\/zonaroja.com.mx\/index.php?rest_route=%2Fwp%2Fv2%2Fmedia&parent=13507"}],"wp:term":[{"taxonomy":"category","embeddable":true,"href":"https:\/\/zonaroja.com.mx\/index.php?rest_route=%2Fwp%2Fv2%2Fcategories&post=13507"},{"taxonomy":"post_tag","embeddable":true,"href":"https:\/\/zonaroja.com.mx\/index.php?rest_route=%2Fwp%2Fv2%2Ftags&post=13507"}],"curies":[{"name":"wp","href":"https:\/\/api.w.org\/{rel}","templated":true}]}}