{"id":13510,"date":"2020-06-09T15:00:22","date_gmt":"2020-06-09T20:00:22","guid":{"rendered":"http:\/\/www.zonaroja.com.mx\/?p=13510"},"modified":"2020-06-09T15:00:35","modified_gmt":"2020-06-09T20:00:35","slug":"mueren-dos-personas-en-pochutla-por-beber-alcohol-adulterado","status":"publish","type":"post","link":"https:\/\/zonaroja.com.mx\/?p=13510","title":{"rendered":"Mueren dos personas en Pochutla, por beber alcohol adulterado"},"content":{"rendered":"\n<p>Ismael Garc\u00eda M.\/Zona Roja.<\/p>\n\n\n\n<p>Oaxaca de Ju\u00e1rez, Oax., 9 de junio de\n2020.- Dos personas perdieron la vida tras ingerir una bebida llamada \u201cCocol\u201d,\npreparado con coco y alcohol presuntamente adulterado, en la comunidad de El\nZapotal, San Pedro Pochutla; al menos tres m\u00e1s est\u00e1n delicadas de salud.<\/p>\n\n\n\n<p>Lo anterior ocurri\u00f3 durante una\nfiesta clandestina que se realiz\u00f3 el domingo en esa comunidad de la regi\u00f3n de\nla Costa de Oaxaca, pese a la contingencia sanitaria y al llamado de las\nautoridades a evitar reuniones masivas, a fin de evitar contagios de Covid-19.<\/p>\n\n\n\n<p>En un noticiario radiof\u00f3nico de la\nzona, que conduce Mario Alberto Aguilar, el m\u00e9dico Jos\u00e9 Luis Aquino Salinas\nexplic\u00f3 al auditorio que ayer lunes atendi\u00f3 a varias personas que ped\u00edan ayuda\nm\u00e9dica.<\/p>\n\n\n\n<p>\u201cEst\u00e1bamos atendiendo consultas como\ntodos los d\u00edas y por ah\u00ed de las siete de la noche lleg\u00f3 un paciente con su familia,\npr\u00e1cticamente inconsciente; refieren que bebi\u00f3 \u201cCocol\u201d, en una fiesta el d\u00eda\nprevio (domingo).<\/p>\n\n\n\n<p>\u201cDe inmediato hicimos lo que\ncorresponde, afortunadamente el primer paciente tuvo buena respuesta y empez\u00f3 a\nrecuperarse; a la hora de ello, llega una pareja igual, con la misma sintomatolog\u00eda;\nla recibimos, pero la mujer tra\u00eda dificultades respiratorias.<\/p>\n\n\n\n<p>\u201cTrasladamos a ambos al hospital de\nPochutla, la recibieron de inmediato. Los tres refirieron haber estado en la\nmisma fiesta; hoy en la ma\u00f1ana me enter\u00e9 de dos decesos; ser\u00eda bueno esclarecer\nlos hechos porque la muerte fue muy r\u00e1pida\u201d, explic\u00f3.<\/p>\n\n\n\n<p>La Jurisdicci\u00f3n Sanitaria de la Costa\nconfirm\u00f3 los hechos, en tanto que la Vicefiscal\u00eda Regional de la Costa inici\u00f3\nlas indagatorias correspondientes.<\/p>\n","protected":false},"excerpt":{"rendered":"<p>Ismael Garc\u00eda M.\/Zona Roja. Oaxaca de Ju\u00e1rez, Oax., 9 de junio de 2020.- Dos personas&hellip;<\/p>\n","protected":false},"author":2,"featured_media":13511,"comment_status":"closed","ping_status":"open","sticky":false,"template":"","format":"standard","meta":{"_lmt_disableupdate":"","_lmt_disable":"","_jetpack_memberships_contains_paid_content":false,"footnotes":""},"categories":[109,47],"tags":[151],"class_list":["post-13510","post","type-post","status-publish","format-standard","has-post-thumbnail","hentry","category-minuto-a-minuto","category-zona-gris","tag-san-pedro-pochutla"],"jetpack_featured_media_url":"https:\/\/zonaroja.com.mx\/wp-content\/uploads\/2020\/06\/San-Pedro-Pochutla.jpg","jetpack_sharing_enabled":true,"_links":{"self":[{"href":"https:\/\/zonaroja.com.mx\/index.php?rest_route=\/wp\/v2\/posts\/13510","targetHints":{"allow":["GET"]}}],"collection":[{"href":"https:\/\/zonaroja.com.mx\/index.php?rest_route=\/wp\/v2\/posts"}],"about":[{"href":"https:\/\/zonaroja.com.mx\/index.php?rest_route=\/wp\/v2\/types\/post"}],"author":[{"embeddable":true,"href":"https:\/\/zonaroja.com.mx\/index.php?rest_route=\/wp\/v2\/users\/2"}],"replies":[{"embeddable":true,"href":"https:\/\/zonaroja.com.mx\/index.php?rest_route=%2Fwp%2Fv2%2Fcomments&post=13510"}],"version-history":[{"count":1,"href":"https:\/\/zonaroja.com.mx\/index.php?rest_route=\/wp\/v2\/posts\/13510\/revisions"}],"predecessor-version":[{"id":13512,"href":"https:\/\/zonaroja.com.mx\/index.php?rest_route=\/wp\/v2\/posts\/13510\/revisions\/13512"}],"wp:featuredmedia":[{"embeddable":true,"href":"https:\/\/zonaroja.com.mx\/index.php?rest_route=\/wp\/v2\/media\/13511"}],"wp:attachment":[{"href":"https:\/\/zonaroja.com.mx\/index.php?rest_route=%2Fwp%2Fv2%2Fmedia&parent=13510"}],"wp:term":[{"taxonomy":"category","embeddable":true,"href":"https:\/\/zonaroja.com.mx\/index.php?rest_route=%2Fwp%2Fv2%2Fcategories&post=13510"},{"taxonomy":"post_tag","embeddable":true,"href":"https:\/\/zonaroja.com.mx\/index.php?rest_route=%2Fwp%2Fv2%2Ftags&post=13510"}],"curies":[{"name":"wp","href":"https:\/\/api.w.org\/{rel}","templated":true}]}}