{"id":13513,"date":"2020-06-09T15:44:28","date_gmt":"2020-06-09T20:44:28","guid":{"rendered":"http:\/\/www.zonaroja.com.mx\/?p=13513"},"modified":"2020-06-09T15:44:34","modified_gmt":"2020-06-09T20:44:34","slug":"muere-recluso-del-penal-varonil-de-tanivet-desconocen-causas","status":"publish","type":"post","link":"https:\/\/zonaroja.com.mx\/?p=13513","title":{"rendered":"Muere recluso del penal varonil de Tanivet; desconocen causas"},"content":{"rendered":"\n<p>Redacci\u00f3n\/Zona Roja.<\/p>\n\n\n\n<p>Oaxaca de Ju\u00e1rez, Oax., 9 de junio de\n2020.- Una persona privada de su libertad falleci\u00f3 este martes en el Centro de Reinserci\u00f3n\nSocial Varonil ubicado en San Francisco Tanivet, Tlacolula.<\/p>\n\n\n\n<p>La Secretar\u00eda de Seguridad P\u00fablica de\nOaxaca (SSPO), a trav\u00e9s de la Subsecretar\u00eda de Prevenci\u00f3n y Readaptaci\u00f3n\nSocial, confirm\u00f3 el deceso y dijo que la causa de muerte ser\u00e1 determinada por\nlas autoridades competentes.<\/p>\n\n\n\n<p>Inform\u00f3 que se trata de un masculino\nde 50 a\u00f1os de edad, que presentaba diabetes descontrolada; \u201cpadecimiento por el\nque, en todo momento, recibi\u00f3 la atenci\u00f3n necesaria y por el que se encontraba\nen aislamiento en el \u00e1rea m\u00e9dica\u201d, del penal.<\/p>\n\n\n\n<p>\u201cLa SSPO aclara que esta persona no\nformaba parte de las siete con resultados positivos a dicha enfermedad\ndiagnosticadas por los Servicios de Salud de Oaxaca (SSO) el pasado 23 de mayo\u201d,\nindic\u00f3 en un comunicado.<\/p>\n\n\n\n<p>Expuso que la familia del occiso fue notificada\nen tiempo y forma, a trav\u00e9s de la Subsecretar\u00eda de Prevenci\u00f3n y Reinserci\u00f3n Social.&nbsp; Asimismo, recibe el apoyo y orientaci\u00f3n, por\nparte de las \u00e1reas correspondientes de la SSPO.<\/p>\n","protected":false},"excerpt":{"rendered":"<p>Redacci\u00f3n\/Zona Roja. Oaxaca de Ju\u00e1rez, Oax., 9 de junio de 2020.- Una persona privada de&hellip;<\/p>\n","protected":false},"author":2,"featured_media":12759,"comment_status":"closed","ping_status":"open","sticky":false,"template":"","format":"standard","meta":{"_lmt_disableupdate":"","_lmt_disable":"","_jetpack_memberships_contains_paid_content":false,"footnotes":""},"categories":[109,47],"tags":[1747],"class_list":["post-13513","post","type-post","status-publish","format-standard","has-post-thumbnail","hentry","category-minuto-a-minuto","category-zona-gris","tag-centro-de-reinsercion-social-de-san-francisco-tanivet"],"jetpack_featured_media_url":"https:\/\/zonaroja.com.mx\/wp-content\/uploads\/2020\/05\/Reclusorio-varonil-Tanivet.png","jetpack_sharing_enabled":true,"_links":{"self":[{"href":"https:\/\/zonaroja.com.mx\/index.php?rest_route=\/wp\/v2\/posts\/13513","targetHints":{"allow":["GET"]}}],"collection":[{"href":"https:\/\/zonaroja.com.mx\/index.php?rest_route=\/wp\/v2\/posts"}],"about":[{"href":"https:\/\/zonaroja.com.mx\/index.php?rest_route=\/wp\/v2\/types\/post"}],"author":[{"embeddable":true,"href":"https:\/\/zonaroja.com.mx\/index.php?rest_route=\/wp\/v2\/users\/2"}],"replies":[{"embeddable":true,"href":"https:\/\/zonaroja.com.mx\/index.php?rest_route=%2Fwp%2Fv2%2Fcomments&post=13513"}],"version-history":[{"count":1,"href":"https:\/\/zonaroja.com.mx\/index.php?rest_route=\/wp\/v2\/posts\/13513\/revisions"}],"predecessor-version":[{"id":13514,"href":"https:\/\/zonaroja.com.mx\/index.php?rest_route=\/wp\/v2\/posts\/13513\/revisions\/13514"}],"wp:featuredmedia":[{"embeddable":true,"href":"https:\/\/zonaroja.com.mx\/index.php?rest_route=\/wp\/v2\/media\/12759"}],"wp:attachment":[{"href":"https:\/\/zonaroja.com.mx\/index.php?rest_route=%2Fwp%2Fv2%2Fmedia&parent=13513"}],"wp:term":[{"taxonomy":"category","embeddable":true,"href":"https:\/\/zonaroja.com.mx\/index.php?rest_route=%2Fwp%2Fv2%2Fcategories&post=13513"},{"taxonomy":"post_tag","embeddable":true,"href":"https:\/\/zonaroja.com.mx\/index.php?rest_route=%2Fwp%2Fv2%2Ftags&post=13513"}],"curies":[{"name":"wp","href":"https:\/\/api.w.org\/{rel}","templated":true}]}}