{"id":13516,"date":"2020-06-09T16:08:45","date_gmt":"2020-06-09T21:08:45","guid":{"rendered":"https:\/\/www.zonaroja.com.mx\/?p=13516"},"modified":"2020-06-09T16:08:47","modified_gmt":"2020-06-09T21:08:47","slug":"otro-joven-ejecutado-en-tuxtepec-van-cinco-en-siete-dias","status":"publish","type":"post","link":"https:\/\/zonaroja.com.mx\/?p=13516","title":{"rendered":"Otro joven ejecutado en Tuxtepec; van cinco en siete d\u00edas"},"content":{"rendered":"\n<p class=\"MsoNormal\">Redacci\u00f3n\/Zona Roja<\/p>\n\n\n\n<p class=\"MsoNormal\">Oaxaca de Ju\u00e1rez, Oax., 9 de junio de 2020.- Un joven de 23 a\u00f1os de edad fue asesinado en un ataque armado la tarde de&nbsp;<a href=\"\/\/1\">este martes<\/a>&nbsp;en el municipio de San Juan Bautista Tuxtepec, donde en la \u00faltima semana se han registrado al menos otras cuatro ejecuciones.<\/p>\n\n\n\n<p class=\"MsoNormal\">El crimen se registr\u00f3 alrededor <a href=\"\/\/2\">de las 15:00<\/a>horas en la agencia municipal de San Bartolo, donde este fin de semana tambi\u00e9n asesinaron de forma violenta con arma de fuego a dos j\u00f3venes.<\/p>\n\n\n\n<p class=\"MsoNormal\">La v\u00edctima de <a href=\"\/\/3\">este martes<\/a> fue ultimada en inmediaciones del puente colgante que conecta a la comunidad con el muro bulevar Francisco Fern\u00e1ndez Arteaga de Tuxtepec. Fue identificada como Cristian M. R., de 23 a\u00f1os de edad.<\/p>\n\n\n\n<p class=\"MsoNormal\">Al lugar arribaron familiares quienes lo identificaron; minutos despu\u00e9s elementos de la Polic\u00eda Municipal, Polic\u00eda Estatal y elementos del Ej\u00e9rcito Mexicano acordaron el \u00e1rea para la realizaci\u00f3n de las diligencias correspondientes.<\/p>\n\n\n\n<p class=\"MsoNormal\">El pasado mi\u00e9rcoles 3 de junio un hijo del ex diputado del PRI, Silvino Reyes, fue ultimado; posterior al hecho, el 5 de junio, el l\u00edder de la CTM, del sector de materiales de carga en volteo, Jes\u00fas Licona tambi\u00e9n fue ejecutado.<\/p>\n","protected":false},"excerpt":{"rendered":"<p>Redacci\u00f3n\/Zona Roja Oaxaca de Ju\u00e1rez, Oax., 9 de junio de 2020.- Un joven de 23&hellip;<\/p>\n","protected":false},"author":2,"featured_media":13515,"comment_status":"closed","ping_status":"open","sticky":false,"template":"","format":"standard","meta":{"_lmt_disableupdate":"","_lmt_disable":"","_jetpack_memberships_contains_paid_content":false,"footnotes":""},"categories":[109,51],"tags":[118],"class_list":["post-13516","post","type-post","status-publish","format-standard","has-post-thumbnail","hentry","category-minuto-a-minuto","category-zona-roja","tag-san-juan-bautista-tuxtepec"],"jetpack_featured_media_url":"https:\/\/zonaroja.com.mx\/wp-content\/uploads\/2020\/06\/ad1cad2b-7811-40a8-be35-eb506ec63f8d.jpg","jetpack_sharing_enabled":true,"_links":{"self":[{"href":"https:\/\/zonaroja.com.mx\/index.php?rest_route=\/wp\/v2\/posts\/13516","targetHints":{"allow":["GET"]}}],"collection":[{"href":"https:\/\/zonaroja.com.mx\/index.php?rest_route=\/wp\/v2\/posts"}],"about":[{"href":"https:\/\/zonaroja.com.mx\/index.php?rest_route=\/wp\/v2\/types\/post"}],"author":[{"embeddable":true,"href":"https:\/\/zonaroja.com.mx\/index.php?rest_route=\/wp\/v2\/users\/2"}],"replies":[{"embeddable":true,"href":"https:\/\/zonaroja.com.mx\/index.php?rest_route=%2Fwp%2Fv2%2Fcomments&post=13516"}],"version-history":[{"count":1,"href":"https:\/\/zonaroja.com.mx\/index.php?rest_route=\/wp\/v2\/posts\/13516\/revisions"}],"predecessor-version":[{"id":13517,"href":"https:\/\/zonaroja.com.mx\/index.php?rest_route=\/wp\/v2\/posts\/13516\/revisions\/13517"}],"wp:featuredmedia":[{"embeddable":true,"href":"https:\/\/zonaroja.com.mx\/index.php?rest_route=\/wp\/v2\/media\/13515"}],"wp:attachment":[{"href":"https:\/\/zonaroja.com.mx\/index.php?rest_route=%2Fwp%2Fv2%2Fmedia&parent=13516"}],"wp:term":[{"taxonomy":"category","embeddable":true,"href":"https:\/\/zonaroja.com.mx\/index.php?rest_route=%2Fwp%2Fv2%2Fcategories&post=13516"},{"taxonomy":"post_tag","embeddable":true,"href":"https:\/\/zonaroja.com.mx\/index.php?rest_route=%2Fwp%2Fv2%2Ftags&post=13516"}],"curies":[{"name":"wp","href":"https:\/\/api.w.org\/{rel}","templated":true}]}}