{"id":13518,"date":"2020-06-09T19:15:14","date_gmt":"2020-06-10T00:15:14","guid":{"rendered":"http:\/\/www.zonaroja.com.mx\/?p=13518"},"modified":"2020-06-09T19:15:17","modified_gmt":"2020-06-10T00:15:17","slug":"funcionario-de-gobierno-de-oaxaca-azuza-conflicto-en-ixcatlan","status":"publish","type":"post","link":"https:\/\/zonaroja.com.mx\/?p=13518","title":{"rendered":"Funcionario de gobierno de Oaxaca azuza conflicto en Ixcatl\u00e1n"},"content":{"rendered":"\n<p>Yuridiana Sosa\/Zona Roja.<\/p>\n\n\n\n<p>Oaxaca de Ju\u00e1rez, Oax., 9 de junio de\n2020.- Habitantes y autoridades del municipio de Santo Domingo Ixcatl\u00e1n se\ndeclararon en asamblea permanente en defensa de su territorio contra las\nempresas y proyectos mineros que se han tratado de imponer desde hace m\u00e1s de\nuna d\u00e9cada.<\/p>\n\n\n\n<p>Adem\u00e1s, acusaron al Coordinador\nGeneral de Atenci\u00f3n Regional del Estado de Oaxaca, Marco Antonio Hern\u00e1ndez\nCuevas, ex diputado local por el PRI, de azuzar la violencia en la zona.<\/p>\n\n\n\n<p>El pasado domingo 7 de junio, en\nasamblea la comunidad mixteca determin\u00f3 mantenerse en alerta ante los\nantecedentes que existen para implementar un proyecto en territorio comunal,\nas\u00ed como defender sus tierras de sus vecinos de Chaltatongo de Hidalgo.<\/p>\n\n\n\n<p>Recordaron que durante los a\u00f1os 2006-2008 una empresa minera de origen canadiense efectu\u00f3 estudios de suelo subsuelo del territorio de Santo Domingo Ixcatl\u00e1n, mientras que durante esos a\u00f1os la autoridad municipal intent\u00f3 un despojo de tierras a favor de la comunidad vecina para recibir millonarios recursos del de Atenci\u00f3n a Conflictos Sociales en el Medio Rural (Cosomer).)<\/p>\n\n\n\n<figure class=\"wp-block-image\"><img decoding=\"async\" width=\"1024\" height=\"570\" src=\"http:\/\/www.zonaroja.com.mx\/wp-content\/uploads\/2020\/06\/Santo-Domingo-Ixcatl\u00e1n-1024x570.jpeg\" alt=\"\" class=\"wp-image-13520\" srcset=\"https:\/\/zonaroja.com.mx\/wp-content\/uploads\/2020\/06\/Santo-Domingo-Ixcatl\u00e1n-1024x570.jpeg 1024w, https:\/\/zonaroja.com.mx\/wp-content\/uploads\/2020\/06\/Santo-Domingo-Ixcatl\u00e1n-300x167.jpeg 300w, https:\/\/zonaroja.com.mx\/wp-content\/uploads\/2020\/06\/Santo-Domingo-Ixcatl\u00e1n-768x427.jpeg 768w, https:\/\/zonaroja.com.mx\/wp-content\/uploads\/2020\/06\/Santo-Domingo-Ixcatl\u00e1n-585x326.jpeg 585w, https:\/\/zonaroja.com.mx\/wp-content\/uploads\/2020\/06\/Santo-Domingo-Ixcatl\u00e1n.jpeg 1080w\" sizes=\"(max-width: 1024px) 100vw, 1024px\" \/><\/figure>\n\n\n\n<p>Durante la asamblea, Ixcalt\u00e1n desconoci\u00f3\ncualquier documento, convenio o acuerdo realizado por personas ajenas a la\ncomunidad de Santo Domingo que se autonombre como representante de los\ncomuneros, como es el caso de la familia Morales Arias, asesorados por el\nCoordinador General de Atenci\u00f3n Regional del Estado de Oaxaca, Marco Antonio\nHern\u00e1ndez Cuevas y ex diputado del PRI.<\/p>\n\n\n\n<p>\u201cSe informa a las autoridades\nmunicipales y agrarias de Chalcatongo de Hidalgo y sus agencias que no existe\nComisariado de Bienes Comunales en Santo Domingo Ixcatl\u00e1n en virtud que el\nTribunal Unitario Agrario de Huajuapan de Le\u00f3n anul\u00f3 el ilegal nombramiento de\nAlba Morales por lo que todo acuerdo carece de validez\u201d, cita el acuerdo.<\/p>\n\n\n\n<p>La comunidad antepuso su derecho y\nrespeto de la consulta previa libre informada de los pueblos ind\u00edgenas, la cual\nno se ha llevado a cabo en ninguna ocasi\u00f3n, as\u00ed como llam\u00f3 a las comunidades\nind\u00edgenas, en general, a los originarios de Ixcatl\u00e1n radicados en otros\nmunicipios, estados o extranjero, a sumarse a esta defensa.<\/p>\n\n\n\n<p>En el documento, las autoridades\nmunicipales encabezadas por el presidente municipal Bertoldo Bernab\u00e9 Garc\u00eda,\nrecordaron la serie de actos violentos de los que fue v\u00edctima la comunidad\nentre los a\u00f1os 2006-2008 con el fin de apoderarse de sus territorios, as\u00ed como\ndurante 10 a\u00f1os m\u00e1s del saqueo de recursos p\u00fablicos por parte de\nadministradores municipales.<\/p>\n","protected":false},"excerpt":{"rendered":"<p>Yuridiana Sosa\/Zona Roja. Oaxaca de Ju\u00e1rez, Oax., 9 de junio de 2020.- Habitantes y autoridades&hellip;<\/p>\n","protected":false},"author":2,"featured_media":13519,"comment_status":"closed","ping_status":"open","sticky":false,"template":"","format":"standard","meta":{"_lmt_disableupdate":"","_lmt_disable":"","_jetpack_memberships_contains_paid_content":false,"footnotes":""},"categories":[109,47],"tags":[1725],"class_list":["post-13518","post","type-post","status-publish","format-standard","has-post-thumbnail","hentry","category-minuto-a-minuto","category-zona-gris","tag-santo-domingo-ixcatlan"],"jetpack_featured_media_url":"https:\/\/zonaroja.com.mx\/wp-content\/uploads\/2020\/06\/Santo-Domingo-Ixcatl\u00e1n.jpg","jetpack_sharing_enabled":true,"_links":{"self":[{"href":"https:\/\/zonaroja.com.mx\/index.php?rest_route=\/wp\/v2\/posts\/13518","targetHints":{"allow":["GET"]}}],"collection":[{"href":"https:\/\/zonaroja.com.mx\/index.php?rest_route=\/wp\/v2\/posts"}],"about":[{"href":"https:\/\/zonaroja.com.mx\/index.php?rest_route=\/wp\/v2\/types\/post"}],"author":[{"embeddable":true,"href":"https:\/\/zonaroja.com.mx\/index.php?rest_route=\/wp\/v2\/users\/2"}],"replies":[{"embeddable":true,"href":"https:\/\/zonaroja.com.mx\/index.php?rest_route=%2Fwp%2Fv2%2Fcomments&post=13518"}],"version-history":[{"count":1,"href":"https:\/\/zonaroja.com.mx\/index.php?rest_route=\/wp\/v2\/posts\/13518\/revisions"}],"predecessor-version":[{"id":13521,"href":"https:\/\/zonaroja.com.mx\/index.php?rest_route=\/wp\/v2\/posts\/13518\/revisions\/13521"}],"wp:featuredmedia":[{"embeddable":true,"href":"https:\/\/zonaroja.com.mx\/index.php?rest_route=\/wp\/v2\/media\/13519"}],"wp:attachment":[{"href":"https:\/\/zonaroja.com.mx\/index.php?rest_route=%2Fwp%2Fv2%2Fmedia&parent=13518"}],"wp:term":[{"taxonomy":"category","embeddable":true,"href":"https:\/\/zonaroja.com.mx\/index.php?rest_route=%2Fwp%2Fv2%2Fcategories&post=13518"},{"taxonomy":"post_tag","embeddable":true,"href":"https:\/\/zonaroja.com.mx\/index.php?rest_route=%2Fwp%2Fv2%2Ftags&post=13518"}],"curies":[{"name":"wp","href":"https:\/\/api.w.org\/{rel}","templated":true}]}}