{"id":13522,"date":"2020-06-09T21:00:21","date_gmt":"2020-06-10T02:00:21","guid":{"rendered":"http:\/\/www.zonaroja.com.mx\/?p=13522"},"modified":"2020-06-09T21:00:25","modified_gmt":"2020-06-10T02:00:25","slug":"acuerdan-comerciantes-recesos-parciales-en-mercado-de-abasto","status":"publish","type":"post","link":"https:\/\/zonaroja.com.mx\/?p=13522","title":{"rendered":"Acuerdan comerciantes recesos parciales en Mercado de Abasto"},"content":{"rendered":"\n<p>Redacci\u00f3n\/Zona Roja.<\/p>\n\n\n\n<p>Oaxaca de Ju\u00e1rez, Oax., 9 de junio de\n2020.- Representantes de comerciantes y la Coordinaci\u00f3n Ejecutiva del Mercado\nde Abasto \u201cMargarita Maza de Ju\u00e1rez\u201d de la ciudad de Oaxaca, acordaron cierres\nparciales a partir de ma\u00f1ana mi\u00e9rcoles.<\/p>\n\n\n\n<p>De acuerdo con una minuta firmada\nentre las partes, entre ellas la responsable de ese centro comercial popular,\nNoem\u00ed Alavez Aquino, un d\u00eda a la semana, que ser\u00eda los mi\u00e9rcoles, se cerrar\u00e1n\nlas \u00e1reas de tianguis.<\/p>\n\n\n\n<p>Quienes no acaten el acuerdo ser\u00e1n\nacreedores a una sanci\u00f3n, a\u00fan no establecida.<\/p>\n\n\n\n<p>Mientras tanto, este mi\u00e9rcoles, se\nabrir\u00e1 la zona de tianguis a partir de las nueve de la ma\u00f1ana para labores de\nlimpieza y desinfecci\u00f3n; el d\u00eda jueves ser\u00e1 la apertura a las ventas, de las\n06:00 a las 18:00 horas.<\/p>\n\n\n\n<p>ZONA MODULARES<\/p>\n\n\n\n<p>En otro acuerdo con representantes de\nlas zonas de m\u00f3dulos oriente y poniente, se convino tambi\u00e9n cerrar un d\u00eda a la\nsemana, los mi\u00e9rcoles, para los productos necesarios.<\/p>\n\n\n\n<p>Adem\u00e1s, cerrar dos d\u00edas a la semana,\nque ser\u00edan mi\u00e9rcoles y domingo, para los productos no necesarios.<\/p>\n\n\n\n<p>En ambos casos, se pedir\u00e1 el refuerzo\nde la presencia policiaca de los tres \u00f3rdenes de gobierno para evitar\nconflictos.<\/p>\n","protected":false},"excerpt":{"rendered":"<p>Redacci\u00f3n\/Zona Roja. Oaxaca de Ju\u00e1rez, Oax., 9 de junio de 2020.- Representantes de comerciantes y&hellip;<\/p>\n","protected":false},"author":2,"featured_media":13523,"comment_status":"closed","ping_status":"open","sticky":false,"template":"","format":"standard","meta":{"_lmt_disableupdate":"","_lmt_disable":"","_jetpack_memberships_contains_paid_content":false,"footnotes":""},"categories":[109,47],"tags":[1077],"class_list":["post-13522","post","type-post","status-publish","format-standard","has-post-thumbnail","hentry","category-minuto-a-minuto","category-zona-gris","tag-mercado-de-abasto-ciudad-de-oaxaca"],"jetpack_featured_media_url":"https:\/\/zonaroja.com.mx\/wp-content\/uploads\/2020\/06\/Mercado-de-Abasto-3.jpg","jetpack_sharing_enabled":true,"_links":{"self":[{"href":"https:\/\/zonaroja.com.mx\/index.php?rest_route=\/wp\/v2\/posts\/13522","targetHints":{"allow":["GET"]}}],"collection":[{"href":"https:\/\/zonaroja.com.mx\/index.php?rest_route=\/wp\/v2\/posts"}],"about":[{"href":"https:\/\/zonaroja.com.mx\/index.php?rest_route=\/wp\/v2\/types\/post"}],"author":[{"embeddable":true,"href":"https:\/\/zonaroja.com.mx\/index.php?rest_route=\/wp\/v2\/users\/2"}],"replies":[{"embeddable":true,"href":"https:\/\/zonaroja.com.mx\/index.php?rest_route=%2Fwp%2Fv2%2Fcomments&post=13522"}],"version-history":[{"count":1,"href":"https:\/\/zonaroja.com.mx\/index.php?rest_route=\/wp\/v2\/posts\/13522\/revisions"}],"predecessor-version":[{"id":13524,"href":"https:\/\/zonaroja.com.mx\/index.php?rest_route=\/wp\/v2\/posts\/13522\/revisions\/13524"}],"wp:featuredmedia":[{"embeddable":true,"href":"https:\/\/zonaroja.com.mx\/index.php?rest_route=\/wp\/v2\/media\/13523"}],"wp:attachment":[{"href":"https:\/\/zonaroja.com.mx\/index.php?rest_route=%2Fwp%2Fv2%2Fmedia&parent=13522"}],"wp:term":[{"taxonomy":"category","embeddable":true,"href":"https:\/\/zonaroja.com.mx\/index.php?rest_route=%2Fwp%2Fv2%2Fcategories&post=13522"},{"taxonomy":"post_tag","embeddable":true,"href":"https:\/\/zonaroja.com.mx\/index.php?rest_route=%2Fwp%2Fv2%2Ftags&post=13522"}],"curies":[{"name":"wp","href":"https:\/\/api.w.org\/{rel}","templated":true}]}}