{"id":13525,"date":"2020-06-09T21:20:17","date_gmt":"2020-06-10T02:20:17","guid":{"rendered":"http:\/\/www.zonaroja.com.mx\/?p=13525"},"modified":"2020-06-11T07:38:54","modified_gmt":"2020-06-11T12:38:54","slug":"recomienda-el-ieepo-a-municipios-aplazar-elecciones-por-usos-y-costumbres","status":"publish","type":"post","link":"https:\/\/zonaroja.com.mx\/?p=13525","title":{"rendered":"Recomienda el IEEPCO a municipios aplazar elecciones por usos y costumbres"},"content":{"rendered":"\n<p>Redacci\u00f3n\/Zona Roja.<\/p>\n\n\n\n<p>Oaxaca de Ju\u00e1rez, 9 de junio de 2020.-\nAnte la prevalencia de la pandemia por Covid-19, en sesi\u00f3n extraordinaria, el\nConsejo General del Instituto Estatal Electoral y de Participaci\u00f3n Ciudadana de\nOaxaca (IEEPCO), acord\u00f3 pedir a los municipios que eligen autoridades este a\u00f1o,\naplazar las asambleas respectivas.<\/p>\n\n\n\n<p>Inform\u00f3 que se trata de ayuntamientos\nque se que electoralmente se rigen por Sistemas Normativos Ind\u00edgenas (SNI) y\nque tienen programado realizar sus elecciones ordinarias o extraordinarias de\nconcejales.<\/p>\n\n\n\n<p>\u201cEn cumplimiento de la obligaci\u00f3n de\nvigilar el ejercicio efectivo de los derechos pol\u00edticos y electorales de toda\nla ciudadan\u00eda oaxaque\u00f1a, y el respeto de los principios democr\u00e1ticos en la\nrenovaci\u00f3n de las autoridades municipales mediante el r\u00e9gimen de Sistemas\nNormativos Ind\u00edgenas, tomando en cuenta la perspectiva intercultural y la\nsituaci\u00f3n en la que se encuentra cada municipio en relaci\u00f3n con la pandemia Covid-19,\nel IEEPCO reconoci\u00f3 la importancia de emitir las siguientes consideraciones:<\/p>\n\n\n\n<p>\u201ca) Aplazamiento y reprogramaci\u00f3n de\nla elecci\u00f3n. El objetivo es esperar a que la pandemia por Covid-19 se encuentre\ncontrolada y conlleve menor afectaci\u00f3n a la salud de la poblaci\u00f3n. No obstante,\nla elecci\u00f3n deber\u00e1 realizarse durante 2020. La nueva fecha deber\u00e1 ser\nestablecida por la comunidad en cuanto las condiciones sanitarias lo permitan.<\/p>\n\n\n\n<p>\u201cb) Introducci\u00f3n de los ajustes\nnecesarios para celebrar elecciones. En caso que la comunidad determine\ncelebrar la elecci\u00f3n de concejales, se recomienda que las autoridades\nmunicipales se coordinen con autoridades de salud del Estado y la Secretar\u00eda\nGeneral de Gobierno, con el objetivo de implementar las medidas de prevenci\u00f3n y\nsanidad necesarias para la celebraci\u00f3n de sus asambleas comunitarias en un\nambiente de seguridad para la salud de la ciudadan\u00eda\u201d, dijo en un comunicado.<\/p>\n\n\n\n<p>Expuso que las autoridades\nmunicipales deber\u00e1n analizar las posibilidades, dificultades, as\u00ed como los\najustes o modificaciones -que ser\u00e1n aplicables en un contexto \u00fanico, motivado\npor la pandemia- para celebrar sus procesos de elecci\u00f3n ordinarios o\nextraordinarios por Sistemas Normativos Ind\u00edgenas, sin que se vea afectado el\nejercicio de los derechos pol\u00edticos de la ciudadan\u00eda, el derecho a la salud y\nsu vinculaci\u00f3n con el derecho a la vida.<\/p>\n\n\n\n<p>Asimismo, inform\u00f3 el establecimiento\nde un recurso de entrega digital de documentaci\u00f3n derivada de los procesos\nelectivos, mediante el uso del correo electr\u00f3nico institucional y los n\u00fameros\ntelef\u00f3nicos del personal facultado para recibirla, con la finalidad de que las\ncomunidades que as\u00ed lo decidan, puedan hacer llegar su documentaci\u00f3n a trav\u00e9s\nde las herramientas tecnol\u00f3gicas disponibles, o bien, acordar horas de entrega\nespec\u00edficas en las oficinas del Instituto.<\/p>\n","protected":false},"excerpt":{"rendered":"<p>Redacci\u00f3n\/Zona Roja. Oaxaca de Ju\u00e1rez, 9 de junio de 2020.- Ante la prevalencia de la&hellip;<\/p>\n","protected":false},"author":2,"featured_media":13526,"comment_status":"closed","ping_status":"open","sticky":false,"template":"","format":"standard","meta":{"_lmt_disableupdate":"","_lmt_disable":"","_jetpack_memberships_contains_paid_content":false,"footnotes":""},"categories":[109,46],"tags":[760],"class_list":["post-13525","post","type-post","status-publish","format-standard","has-post-thumbnail","hentry","category-minuto-a-minuto","category-zona-blanca","tag-instituto-estatal-electoral-y-de-participacion-ciudadana-de-oaxaca"],"jetpack_featured_media_url":"https:\/\/zonaroja.com.mx\/wp-content\/uploads\/2020\/06\/Bast\u00f3n-de-mando-2.jpg","jetpack_sharing_enabled":true,"_links":{"self":[{"href":"https:\/\/zonaroja.com.mx\/index.php?rest_route=\/wp\/v2\/posts\/13525","targetHints":{"allow":["GET"]}}],"collection":[{"href":"https:\/\/zonaroja.com.mx\/index.php?rest_route=\/wp\/v2\/posts"}],"about":[{"href":"https:\/\/zonaroja.com.mx\/index.php?rest_route=\/wp\/v2\/types\/post"}],"author":[{"embeddable":true,"href":"https:\/\/zonaroja.com.mx\/index.php?rest_route=\/wp\/v2\/users\/2"}],"replies":[{"embeddable":true,"href":"https:\/\/zonaroja.com.mx\/index.php?rest_route=%2Fwp%2Fv2%2Fcomments&post=13525"}],"version-history":[{"count":2,"href":"https:\/\/zonaroja.com.mx\/index.php?rest_route=\/wp\/v2\/posts\/13525\/revisions"}],"predecessor-version":[{"id":13571,"href":"https:\/\/zonaroja.com.mx\/index.php?rest_route=\/wp\/v2\/posts\/13525\/revisions\/13571"}],"wp:featuredmedia":[{"embeddable":true,"href":"https:\/\/zonaroja.com.mx\/index.php?rest_route=\/wp\/v2\/media\/13526"}],"wp:attachment":[{"href":"https:\/\/zonaroja.com.mx\/index.php?rest_route=%2Fwp%2Fv2%2Fmedia&parent=13525"}],"wp:term":[{"taxonomy":"category","embeddable":true,"href":"https:\/\/zonaroja.com.mx\/index.php?rest_route=%2Fwp%2Fv2%2Fcategories&post=13525"},{"taxonomy":"post_tag","embeddable":true,"href":"https:\/\/zonaroja.com.mx\/index.php?rest_route=%2Fwp%2Fv2%2Ftags&post=13525"}],"curies":[{"name":"wp","href":"https:\/\/api.w.org\/{rel}","templated":true}]}}