{"id":13528,"date":"2020-06-09T21:39:43","date_gmt":"2020-06-10T02:39:43","guid":{"rendered":"http:\/\/www.zonaroja.com.mx\/?p=13528"},"modified":"2020-06-09T21:39:46","modified_gmt":"2020-06-10T02:39:46","slug":"ya-son-116-migrantes-oaxaquenos-fallecidos-por-covid-en-eu","status":"publish","type":"post","link":"https:\/\/zonaroja.com.mx\/?p=13528","title":{"rendered":"Ya son 116 migrantes oaxaque\u00f1os fallecidos por Covid en EU"},"content":{"rendered":"\n<p>Redacci\u00f3n\/Zona Roja.<\/p>\n\n\n\n<p>Oaxaca de Ju\u00e1rez, Oax. 9 de junio de\n2020.- Hasta el viernes 5 de junio, se tienen contabilizados 116 oaxaque\u00f1os\nfallecidos por Covid-19 en los Estados Unidos de Norteam\u00e9rica, inform\u00f3 el\nInstituto Oaxaque\u00f1o de Atenci\u00f3n al Migrante (IOAM) del gobierno estatal.<\/p>\n\n\n\n<p>En un comunicado, expuso que en\ncoordinaci\u00f3n con la Secretar\u00eda de Relaciones Exteriores (SRE) del Gobierno de\nM\u00e9xico, se han implementado los mecanismos necesarios con el objetivo de\nbrindar una atenci\u00f3n inmediata y oportuna a las y los connacionales.<\/p>\n\n\n\n<p>Indic\u00f3 que se est\u00e1 en espera de\nmayores datos para conocer con exactitud la comunidad de origen, generales, o\nen su caso, si el n\u00famero en defunciones ha incrementado durante las \u00faltimas\nhoras.<\/p>\n\n\n\n<p>Expres\u00f3, que la entidad se encuentra\nen el tercer lugar a nivel nacional por el n\u00famero de oaxaque\u00f1os fallecidos en\nEstados Unidos, siendo Puebla el de mayor afectaci\u00f3n con 444 y Guerrero con 140\ndefunciones.<\/p>\n\n\n\n<p>Dijo que en lo que va del a\u00f1o 2020,\nse ha logrado la repatriaci\u00f3n de 91 restos mortuorios y nueve est\u00e1n en tr\u00e1mite\n(por Covid-19), toda vez que la mayor\u00eda de cuerpos han sido reclamados por\nfamiliares en la Uni\u00f3n Americana.<\/p>\n\n\n\n<p>Detall\u00f3 que los requisitos para el\ntraslado de restos mortuorios que deben presentar quienes sufrieron la p\u00e9rdida\nde un ser querido, son: copia del acta de nacimiento de la persona fallecida,\ncopia de identificaci\u00f3n oficial del solicitante, quien debe de tener una\nrelaci\u00f3n de parentesco con el finado, y la solicitud de apoyo.<\/p>\n","protected":false},"excerpt":{"rendered":"<p>Redacci\u00f3n\/Zona Roja. Oaxaca de Ju\u00e1rez, Oax. 9 de junio de 2020.- Hasta el viernes 5&hellip;<\/p>\n","protected":false},"author":2,"featured_media":9390,"comment_status":"closed","ping_status":"open","sticky":false,"template":"","format":"standard","meta":{"_lmt_disableupdate":"","_lmt_disable":"","_jetpack_memberships_contains_paid_content":false,"footnotes":""},"categories":[109,47],"tags":[1228],"class_list":["post-13528","post","type-post","status-publish","format-standard","has-post-thumbnail","hentry","category-minuto-a-minuto","category-zona-gris","tag-instituto-oaxaqueno-de-atencion-al-migrante"],"jetpack_featured_media_url":"https:\/\/zonaroja.com.mx\/wp-content\/uploads\/2020\/03\/IOAM-3.jpeg","jetpack_sharing_enabled":true,"_links":{"self":[{"href":"https:\/\/zonaroja.com.mx\/index.php?rest_route=\/wp\/v2\/posts\/13528","targetHints":{"allow":["GET"]}}],"collection":[{"href":"https:\/\/zonaroja.com.mx\/index.php?rest_route=\/wp\/v2\/posts"}],"about":[{"href":"https:\/\/zonaroja.com.mx\/index.php?rest_route=\/wp\/v2\/types\/post"}],"author":[{"embeddable":true,"href":"https:\/\/zonaroja.com.mx\/index.php?rest_route=\/wp\/v2\/users\/2"}],"replies":[{"embeddable":true,"href":"https:\/\/zonaroja.com.mx\/index.php?rest_route=%2Fwp%2Fv2%2Fcomments&post=13528"}],"version-history":[{"count":1,"href":"https:\/\/zonaroja.com.mx\/index.php?rest_route=\/wp\/v2\/posts\/13528\/revisions"}],"predecessor-version":[{"id":13529,"href":"https:\/\/zonaroja.com.mx\/index.php?rest_route=\/wp\/v2\/posts\/13528\/revisions\/13529"}],"wp:featuredmedia":[{"embeddable":true,"href":"https:\/\/zonaroja.com.mx\/index.php?rest_route=\/wp\/v2\/media\/9390"}],"wp:attachment":[{"href":"https:\/\/zonaroja.com.mx\/index.php?rest_route=%2Fwp%2Fv2%2Fmedia&parent=13528"}],"wp:term":[{"taxonomy":"category","embeddable":true,"href":"https:\/\/zonaroja.com.mx\/index.php?rest_route=%2Fwp%2Fv2%2Fcategories&post=13528"},{"taxonomy":"post_tag","embeddable":true,"href":"https:\/\/zonaroja.com.mx\/index.php?rest_route=%2Fwp%2Fv2%2Ftags&post=13528"}],"curies":[{"name":"wp","href":"https:\/\/api.w.org\/{rel}","templated":true}]}}