{"id":13530,"date":"2020-06-10T07:00:36","date_gmt":"2020-06-10T12:00:36","guid":{"rendered":"http:\/\/www.zonaroja.com.mx\/?p=13530"},"modified":"2020-06-09T21:55:17","modified_gmt":"2020-06-10T02:55:17","slug":"confinamiento-incrementa-violencia-hacia-mujeres-en-oaxaca","status":"publish","type":"post","link":"https:\/\/zonaroja.com.mx\/?p=13530","title":{"rendered":"Confinamiento incrementa violencia hacia mujeres en Oaxaca"},"content":{"rendered":"\n<p>Redacci\u00f3n\/Zona Roja.<\/p>\n\n\n\n<p>Oaxaca de Ju\u00e1rez, Oax., 10 de junio de 2020.- Derivado del confinamiento en casa por la pandemia del Covid-19, en Oaxaca se ha incrementado la precarizaci\u00f3n econ\u00f3mica y la violencia hacia las mujeres. <\/p>\n\n\n\n<p>As\u00ed lo consider\u00f3 la doctora Charlynne\nCuriel Covarrubias, profesora e investigadora del Instituto de Investigaciones\nSociol\u00f3gicas de la Universidad Aut\u00f3noma \u201cBenito Ju\u00e1rez\u201d de Oaxaca (IISUABJO).<\/p>\n\n\n\n<p>De acuerdo con un comunicado de la\nUABJO, a causa de la cuarentena para evitar la propagaci\u00f3n del contagio, las\nmujeres en particular enfrentan grandes retos y desaf\u00edos que se suman a lo que\nya ven\u00edan viviendo.<\/p>\n\n\n\n<p>\u201cTenemos mucho tiempo sabiendo que\nlas mujeres entraron en un proceso llamado feminizaci\u00f3n de la pobreza, es\ndecir; el sector empobrecido est\u00e1 compuesto por mujeres y cada vez es mayor a\nnivel mundial, obviamente la pandemia y la serie de sucesos que esto detona\ntiene un efecto m\u00e1s nocivo y fuerte en sus vidas cotidianas\u201d agreg\u00f3 la\nespecialista.<\/p>\n\n\n\n<p>Indic\u00f3 que se trata de un sector\nlaboral con muy poca posibilidad de ahorro, cuyo trabajo se desarrolla en la\nprecariedad, con pocas o nulas prestaciones sociales, cuyos ingresos en\nporcentajes muy altos se invierten en la reproducci\u00f3n de sus familias y\nhogares.<\/p>\n\n\n\n<p>Sostuvo que el confinamiento ha\nempeorado las condiciones en que se encuentran las mujeres, ante la falta de\nguarder\u00edas, el llevar el trabajo a casa, extender los horarios en el cuidado a\nni\u00f1as, ni\u00f1os y adolescentes, personas mayores o en algunos casos enfermas,\nadem\u00e1s del acompa\u00f1amiento escolar, sumado a las actividades dom\u00e9sticas.<\/p>\n\n\n\n<p>\u201cEstoy segura que un porcentaje\nalt\u00edsimo de mujeres se encuentran desgastadas f\u00edsica, emocional y\npsicol\u00f3gicamente, lo que se suma a la vulnerabilidad y la violencia que se\nacent\u00faa en esta etapa, elementos que complican su productividad\u201d, afirm\u00f3.<\/p>\n\n\n\n<p>Y por otra parte \u2013dijo&#8211; est\u00e1 un gran\nn\u00famero mujeres que tienen que salir a trabajar diario y exponerse al riesgo de\ncontagio, para llevar el sustento a sus familias.<\/p>\n\n\n\n<p>Ante este panorama, la investigadora\nsostiene que no es necesario generar nuevas normativas o legislaciones, sino\nm\u00e1s bien que los tres niveles de gobierno apliquen la Ley General de Acceso de\nlas Mujeres a una Vida Libre de Violencia, para prevenir, sancionar y erradicar\nla violencia.<\/p>\n\n\n\n<p>Adem\u00e1s de crear una pol\u00edtica nacional\nencaminada a la distribuci\u00f3n de los cuidados, redistribuci\u00f3n de labores del\nhogar, puesto que ya no puede ser un trabajo exclusivo de las mujeres, es\nmomento de que los varones asuman sus responsabilidades.<\/p>\n\n\n\n<p>Finalmente dijo que falta mucho por\nhacer en materia de transversalizaci\u00f3n de la perspectiva de g\u00e9nero,\nsensibilizaci\u00f3n y erradicaci\u00f3n de la violencia, as\u00ed como en la promoci\u00f3n del\nautocuidado colectivo<\/p>\n","protected":false},"excerpt":{"rendered":"<p>Redacci\u00f3n\/Zona Roja. Oaxaca de Ju\u00e1rez, Oax., 10 de junio de 2020.- Derivado del confinamiento en&hellip;<\/p>\n","protected":false},"author":2,"featured_media":13531,"comment_status":"closed","ping_status":"open","sticky":false,"template":"","format":"standard","meta":{"_lmt_disableupdate":"","_lmt_disable":"","_jetpack_memberships_contains_paid_content":false,"footnotes":""},"categories":[109,47],"tags":[282],"class_list":["post-13530","post","type-post","status-publish","format-standard","has-post-thumbnail","hentry","category-minuto-a-minuto","category-zona-gris","tag-universidad-autonoma-benito-juarez-de-oaxaca"],"jetpack_featured_media_url":"https:\/\/zonaroja.com.mx\/wp-content\/uploads\/2020\/06\/1-3.jpg","jetpack_sharing_enabled":true,"_links":{"self":[{"href":"https:\/\/zonaroja.com.mx\/index.php?rest_route=\/wp\/v2\/posts\/13530","targetHints":{"allow":["GET"]}}],"collection":[{"href":"https:\/\/zonaroja.com.mx\/index.php?rest_route=\/wp\/v2\/posts"}],"about":[{"href":"https:\/\/zonaroja.com.mx\/index.php?rest_route=\/wp\/v2\/types\/post"}],"author":[{"embeddable":true,"href":"https:\/\/zonaroja.com.mx\/index.php?rest_route=\/wp\/v2\/users\/2"}],"replies":[{"embeddable":true,"href":"https:\/\/zonaroja.com.mx\/index.php?rest_route=%2Fwp%2Fv2%2Fcomments&post=13530"}],"version-history":[{"count":2,"href":"https:\/\/zonaroja.com.mx\/index.php?rest_route=\/wp\/v2\/posts\/13530\/revisions"}],"predecessor-version":[{"id":13533,"href":"https:\/\/zonaroja.com.mx\/index.php?rest_route=\/wp\/v2\/posts\/13530\/revisions\/13533"}],"wp:featuredmedia":[{"embeddable":true,"href":"https:\/\/zonaroja.com.mx\/index.php?rest_route=\/wp\/v2\/media\/13531"}],"wp:attachment":[{"href":"https:\/\/zonaroja.com.mx\/index.php?rest_route=%2Fwp%2Fv2%2Fmedia&parent=13530"}],"wp:term":[{"taxonomy":"category","embeddable":true,"href":"https:\/\/zonaroja.com.mx\/index.php?rest_route=%2Fwp%2Fv2%2Fcategories&post=13530"},{"taxonomy":"post_tag","embeddable":true,"href":"https:\/\/zonaroja.com.mx\/index.php?rest_route=%2Fwp%2Fv2%2Ftags&post=13530"}],"curies":[{"name":"wp","href":"https:\/\/api.w.org\/{rel}","templated":true}]}}