{"id":13534,"date":"2020-06-09T22:09:20","date_gmt":"2020-06-10T03:09:20","guid":{"rendered":"http:\/\/www.zonaroja.com.mx\/?p=13534"},"modified":"2020-06-09T22:09:24","modified_gmt":"2020-06-10T03:09:24","slug":"registra-oaxaca-14-fallecimientos-por-covid-en-24-horas","status":"publish","type":"post","link":"https:\/\/zonaroja.com.mx\/?p=13534","title":{"rendered":"Registra Oaxaca 14 fallecimientos por Covid en 24 horas"},"content":{"rendered":"\n<p>Redacci\u00f3n\/Zona Roja.<\/p>\n\n\n\n<p>Oaxaca de Ju\u00e1rez, Oax., 9 de junio de\n2020.- En 24 horas, en Oaxaca se registraron 14 fallecimientos y 69 casos de\nCovid-19, inform\u00f3 la dependencia Servicios de Salud de Oaxaca (SSO).<\/p>\n\n\n\n<p>Expuso que al corte epidemiol\u00f3gico de\neste martes 09 de junio, se han contabilizado dos mil 392 casos positivos del\nvirus y 253 defunciones; hay adem\u00e1s 471 casos activos.<\/p>\n\n\n\n<p>Inform\u00f3 que en la Jurisdicci\u00f3n\nSanitaria n\u00famero uno Valles Centrales, se han confirmado mil 715 casos y 149\ndefunciones; el Istmo contabiliza 143 y 21 decesos; Tuxtepec 246 y 44 decesos;\nCosta 96 y 10 decesos; Mixteca 131 y 19 decesos y la Sierra 61 y 10 decesos.<\/p>\n\n\n\n<p>A\u00f1adi\u00f3 que este martes se registraron 69 casos nuevos, distribuidos en 28 municipios, siendo los principales, San Juan Bautista Tuxtepec con 15 casos, Oaxaca de Ju\u00e1rez con nueve, Santa Luc\u00eda del Camino seis, Santa Cruz Xoxocotl\u00e1n, Santa Mar\u00eda Atzompa y Villa de Zaachila con cinco cada uno, entre otros.<\/p>\n\n\n\n<figure class=\"wp-block-image\"><img decoding=\"async\" width=\"1024\" height=\"582\" src=\"http:\/\/www.zonaroja.com.mx\/wp-content\/uploads\/2020\/06\/SSO-2-3-1024x582.jpeg\" alt=\"\" class=\"wp-image-13536\" srcset=\"https:\/\/zonaroja.com.mx\/wp-content\/uploads\/2020\/06\/SSO-2-3-1024x582.jpeg 1024w, https:\/\/zonaroja.com.mx\/wp-content\/uploads\/2020\/06\/SSO-2-3-300x171.jpeg 300w, https:\/\/zonaroja.com.mx\/wp-content\/uploads\/2020\/06\/SSO-2-3-768x437.jpeg 768w, https:\/\/zonaroja.com.mx\/wp-content\/uploads\/2020\/06\/SSO-2-3-1170x665.jpeg 1170w, https:\/\/zonaroja.com.mx\/wp-content\/uploads\/2020\/06\/SSO-2-3-585x333.jpeg 585w, https:\/\/zonaroja.com.mx\/wp-content\/uploads\/2020\/06\/SSO-2-3.jpeg 1280w\" sizes=\"(max-width: 1024px) 100vw, 1024px\" \/><\/figure>\n\n\n\n<p>Dijo que de los dos mil 392 casos\nconfirmados, mil uno corresponden al grupo de edad de 25 a 44 a\u00f1os, seguido de\n50 a 59 a\u00f1os con 465, de 65 y m\u00e1s a\u00f1os con 321 y de 45 a 49 con 290; por sexo,\nlos hombres ocupan el 57%, con mil 369 confirmados y las mujeres el 43% con mil\n23 confirmados.<\/p>\n\n\n\n<p>Se\u00f1al\u00f3 que por tipo de atenci\u00f3n, 634\ncasos han sido hospitalizados y mil 758 son ambulatorios. De igual manera, por\ninstituci\u00f3n, los SSO han atendido a mil 621 pacientes, el IMSS r\u00e9gimen\nordinario 373, el ISSSTE 202, IMSS Bienestar 72, Sedena 61, Semar 35, Pemex 20\ny ocho en otras instituciones de salud.<\/p>\n\n\n\n<p>Dijo que del personal de salud\ncontagiado hay 187 m\u00e9dicos, 200 son enfermeras y enfermeros y 89 otros\ntrabajadores de este sector.<\/p>\n\n\n\n<p>Refiri\u00f3 que de las 253 defunciones,\n91 fueron en el grupo de edad de 65 y m\u00e1s a\u00f1os; 69 en el de 50 a 59 a\u00f1os; 33 en\nel de 25 a 44 a\u00f1os; 33 de 60 a 64 a\u00f1os, y 20 de 45 a 49 a\u00f1os. Las\ncomorbilidades asociadas son la diabetes, hipertensi\u00f3n arterial, obesidad e\ninsuficiencia renal.<\/p>\n","protected":false},"excerpt":{"rendered":"<p>Redacci\u00f3n\/Zona Roja. Oaxaca de Ju\u00e1rez, Oax., 9 de junio de 2020.- En 24 horas, en&hellip;<\/p>\n","protected":false},"author":2,"featured_media":13535,"comment_status":"closed","ping_status":"open","sticky":false,"template":"","format":"standard","meta":{"_lmt_disableupdate":"","_lmt_disable":"","_jetpack_memberships_contains_paid_content":false,"footnotes":""},"categories":[109,47],"tags":[1512],"class_list":["post-13534","post","type-post","status-publish","format-standard","has-post-thumbnail","hentry","category-minuto-a-minuto","category-zona-gris","tag-coronavirus-oaxaca"],"jetpack_featured_media_url":"https:\/\/zonaroja.com.mx\/wp-content\/uploads\/2020\/06\/SSO-1-2.jpeg","jetpack_sharing_enabled":true,"_links":{"self":[{"href":"https:\/\/zonaroja.com.mx\/index.php?rest_route=\/wp\/v2\/posts\/13534","targetHints":{"allow":["GET"]}}],"collection":[{"href":"https:\/\/zonaroja.com.mx\/index.php?rest_route=\/wp\/v2\/posts"}],"about":[{"href":"https:\/\/zonaroja.com.mx\/index.php?rest_route=\/wp\/v2\/types\/post"}],"author":[{"embeddable":true,"href":"https:\/\/zonaroja.com.mx\/index.php?rest_route=\/wp\/v2\/users\/2"}],"replies":[{"embeddable":true,"href":"https:\/\/zonaroja.com.mx\/index.php?rest_route=%2Fwp%2Fv2%2Fcomments&post=13534"}],"version-history":[{"count":1,"href":"https:\/\/zonaroja.com.mx\/index.php?rest_route=\/wp\/v2\/posts\/13534\/revisions"}],"predecessor-version":[{"id":13537,"href":"https:\/\/zonaroja.com.mx\/index.php?rest_route=\/wp\/v2\/posts\/13534\/revisions\/13537"}],"wp:featuredmedia":[{"embeddable":true,"href":"https:\/\/zonaroja.com.mx\/index.php?rest_route=\/wp\/v2\/media\/13535"}],"wp:attachment":[{"href":"https:\/\/zonaroja.com.mx\/index.php?rest_route=%2Fwp%2Fv2%2Fmedia&parent=13534"}],"wp:term":[{"taxonomy":"category","embeddable":true,"href":"https:\/\/zonaroja.com.mx\/index.php?rest_route=%2Fwp%2Fv2%2Fcategories&post=13534"},{"taxonomy":"post_tag","embeddable":true,"href":"https:\/\/zonaroja.com.mx\/index.php?rest_route=%2Fwp%2Fv2%2Ftags&post=13534"}],"curies":[{"name":"wp","href":"https:\/\/api.w.org\/{rel}","templated":true}]}}