{"id":13538,"date":"2020-06-10T08:14:04","date_gmt":"2020-06-10T13:14:04","guid":{"rendered":"http:\/\/www.zonaroja.com.mx\/?p=13538"},"modified":"2020-06-10T10:42:19","modified_gmt":"2020-06-10T15:42:19","slug":"asesina-policia-de-acatlan-oaxaca-a-un-menor-de-16-anos","status":"publish","type":"post","link":"https:\/\/zonaroja.com.mx\/?p=13538","title":{"rendered":"Asesina polic\u00eda de Acatl\u00e1n, Oaxaca, a un menor de 16 a\u00f1os"},"content":{"rendered":"\n<p>Redacci\u00f3n\/Zona Roja. Foto: \u201cEl Pi\u00f1ero\u201d<\/p>\n\n\n\n<p>Oaxaca de Ju\u00e1rez, Oax., 10 de junio\nde 2020.- \u201c\u00a1Mi hijo no era malo, no fumaba, no tomaba; mi hijo ten\u00eda un sue\u00f1o.\nEsos hijos de su pu\u2026 ma\u2026 se lo han truncado!\u201d.<\/p>\n\n\n\n<p>Con gritos desgarradores, una madre de familia denunci\u00f3 a la polic\u00eda municipal de Acatl\u00e1n de P\u00e9rez Figueroa de asesinar a su hijo de 16 a\u00f1os, Alexander G., crimen perpetrado anoche.<\/p>\n\n\n\n<p>Los uniformados a bordo de la\npatrulla 023 persegu\u00edan presuntamente a unos delincuentes; sin embargo,\nconfundieron al adolescente y le dispararon, de acuerdo con testimonios de\npobladores y la madre de la v\u00edctima.<\/p>\n\n\n\n<p>\u201c\u00a1Yo soy una mujer fuerte, me lo mataron porque ya lo vi y lo estoy viendo, y no me voy a dejar caer, pero quiero que todos se levante, que no se dejen, porque si esto le hicieron a mi hijo, se lo pueden hacer a cualquiera de ustedes!<\/p>\n\n\n\n<figure class=\"wp-block-embed-twitter wp-block-embed is-type-rich is-provider-twitter\"><div class=\"wp-block-embed__wrapper\">\n<div class=\"twitter-tweet\"><blockquote class=\"twitter-tweet\" data-lang=\"es\"><p lang=\"es\" dir=\"ltr\"><a href=\"https:\/\/twitter.com\/hashtag\/OaxacaRojo?src=hash&amp;ref_src=twsrc%5Etfw\">#OaxacaRojo<\/a><br>\u201cMi hijo no era malo, no fumaba, no tomaba; mi hijo ten\u00eda un sue\u00f1o. Esos hijos de su pu\u2026 ma\u2026 se lo han truncado\u201d, denuncia una madre de familia al culpar a la polic\u00eda municipal de Acatl\u00e1n de P\u00e9rez Figueroa del asesinato de su hijo de 16 a\u00f1os.<br>Video: Especial <a href=\"https:\/\/t.co\/tpWMOnnjFO\">pic.twitter.com\/tpWMOnnjFO<\/a><\/p>&mdash; Zona Roja Oaxaca (@MexRoja) <a href=\"https:\/\/twitter.com\/MexRoja\/status\/1270699489632845824?ref_src=twsrc%5Etfw\">10 de junio de 2020<\/a><\/blockquote><\/div>\n<\/div><\/figure>\n\n\n\n<p>\u201c\u00a1Saben qui\u00e9nes son los malos, por\nqu\u00e9 se meten con los ni\u00f1os! \u00a1Mi hijo acaba de cumplir 16 a\u00f1os! \u00a1Una patrulla se\nle fue encima pensando que \u00e9l iba con un arma; que no mamen, mi hijo no usa\narmas!\u201d, reclam\u00f3 la madre.<\/p>\n\n\n\n<p>En ocasiones anteriores, diversas voces, entre ellas el diputado por el PRI, Gustavo D\u00edaz S\u00e1nchez, ha denunciado que la polic\u00eda municipal de Acatl\u00e1n de P\u00e9rez Figueroa ha cometido diversos cr\u00edmenes; sin embargo, hasta el momento la Fiscal\u00eda General del Estado no ha actuado.<\/p>\n\n\n\n<p>\u201c\u00a1Luchemos todos, a m\u00ed ya me vale\nmadre todo, ya me quitaron mi sangre, mi beb\u00e9, \u00e9l era mi beb\u00e9 por el que yo luchaba,\nme desviv\u00eda y mire lo que me han hecho, me han destruido! \u00a1Esto no es justo, no\nes justo!\u201d, reclamaba la mujer, en un video difundido en redes sociales.<\/p>\n","protected":false},"excerpt":{"rendered":"<p>Redacci\u00f3n\/Zona Roja. Foto: \u201cEl Pi\u00f1ero\u201d Oaxaca de Ju\u00e1rez, Oax., 10 de junio de 2020.- \u201c\u00a1Mi&hellip;<\/p>\n","protected":false},"author":2,"featured_media":13539,"comment_status":"closed","ping_status":"open","sticky":false,"template":"","format":"standard","meta":{"_lmt_disableupdate":"","_lmt_disable":"","_jetpack_memberships_contains_paid_content":false,"footnotes":""},"categories":[109,51],"tags":[187],"class_list":["post-13538","post","type-post","status-publish","format-standard","has-post-thumbnail","hentry","category-minuto-a-minuto","category-zona-roja","tag-acatlan-de-perez-figueroa"],"jetpack_featured_media_url":"https:\/\/zonaroja.com.mx\/wp-content\/uploads\/2020\/06\/Adolescente-asesinado-Acatl\u00e1n.jpg","jetpack_sharing_enabled":true,"_links":{"self":[{"href":"https:\/\/zonaroja.com.mx\/index.php?rest_route=\/wp\/v2\/posts\/13538","targetHints":{"allow":["GET"]}}],"collection":[{"href":"https:\/\/zonaroja.com.mx\/index.php?rest_route=\/wp\/v2\/posts"}],"about":[{"href":"https:\/\/zonaroja.com.mx\/index.php?rest_route=\/wp\/v2\/types\/post"}],"author":[{"embeddable":true,"href":"https:\/\/zonaroja.com.mx\/index.php?rest_route=\/wp\/v2\/users\/2"}],"replies":[{"embeddable":true,"href":"https:\/\/zonaroja.com.mx\/index.php?rest_route=%2Fwp%2Fv2%2Fcomments&post=13538"}],"version-history":[{"count":3,"href":"https:\/\/zonaroja.com.mx\/index.php?rest_route=\/wp\/v2\/posts\/13538\/revisions"}],"predecessor-version":[{"id":13548,"href":"https:\/\/zonaroja.com.mx\/index.php?rest_route=\/wp\/v2\/posts\/13538\/revisions\/13548"}],"wp:featuredmedia":[{"embeddable":true,"href":"https:\/\/zonaroja.com.mx\/index.php?rest_route=\/wp\/v2\/media\/13539"}],"wp:attachment":[{"href":"https:\/\/zonaroja.com.mx\/index.php?rest_route=%2Fwp%2Fv2%2Fmedia&parent=13538"}],"wp:term":[{"taxonomy":"category","embeddable":true,"href":"https:\/\/zonaroja.com.mx\/index.php?rest_route=%2Fwp%2Fv2%2Fcategories&post=13538"},{"taxonomy":"post_tag","embeddable":true,"href":"https:\/\/zonaroja.com.mx\/index.php?rest_route=%2Fwp%2Fv2%2Ftags&post=13538"}],"curies":[{"name":"wp","href":"https:\/\/api.w.org\/{rel}","templated":true}]}}