{"id":13542,"date":"2020-06-10T10:45:17","date_gmt":"2020-06-10T15:45:17","guid":{"rendered":"http:\/\/www.zonaroja.com.mx\/?p=13542"},"modified":"2020-06-10T10:45:27","modified_gmt":"2020-06-10T15:45:27","slug":"iguala-tuxtepec-muertes-por-covid-a-los-inseguridad-en-menos-de-dos-meses","status":"publish","type":"post","link":"https:\/\/zonaroja.com.mx\/?p=13542","title":{"rendered":"Iguala Tuxtepec muertes por Covid a los inseguridad, en menos de dos meses"},"content":{"rendered":"\n<p>Yuridiana Sosa\/Zona Roja.<\/p>\n\n\n\n<p>San Juan Bautista Tuxtepec, Oax., 10\nde junio 2020.- En el transcurso de casi dos meses, las muertes registradas por\nCovid-19 para el municipio de San Juan Bautista Tuxtepec alcanza la cifra de\ndecesos por homicidios dolosos, reportados entre los meses de enero a abril de\neste a\u00f1o.<\/p>\n\n\n\n<p>Del 21 de abril, cuando se registr\u00f3\nla primera v\u00edctima mortal de coronavirus en esta ciudad de la Cuenca a este 9\nde junio, han ocurrido 36 defunciones por este virus, de acuerdo a cifras\nreportadas por la Secretar\u00eda de Salud federal y por los Servicios de Salud de\nOaxaca.<\/p>\n\n\n\n<p>Mientras que datos del Secretariado\nEjecutivo del Sistema Nacional de Seguridad P\u00fablica detallan que durante el\nprimer cuatrimestre del 2020 \u2013entre los meses de enero y abril- se registraron\n42 homicidios dolosos perpetrados con el uso de arma de fuego.<\/p>\n\n\n\n<p>Es decir, las muertes por Covid-19\nalcanzan r\u00e1pidamente en s\u00f3lo 49 d\u00edas las cifras por homicidio doloso ocurridas\ndurante los cuatro primeros meses del 2020.<\/p>\n\n\n\n<p>El municipio de San Juan Bautista\nTuxtepec es el mayor afectado con casos confirmados de contagio y defunciones\nde coronavirus en la regi\u00f3n de la Cuenca, atendido por la Jurisdicci\u00f3n\nSanitaria n\u00famero 3 de los SSO.<\/p>\n\n\n\n<p>A la fecha, Tuxtepec contabiliza 199\ncasos confirmados acumulados y 36 defunciones. Mientras que otras defunciones\nse han presentado en San Lucas Ojitl\u00e1n, con dos y uno en cada uno de los\nmunicipios de San Felipe Usila, San Jos\u00e9 Chiltepec, Acatl\u00e1n de P\u00e9rez Figueroa,\nSanta Mar\u00eda Jacatepec y San Miguel Soyaltepec.<\/p>\n","protected":false},"excerpt":{"rendered":"<p>Yuridiana Sosa\/Zona Roja. San Juan Bautista Tuxtepec, Oax., 10 de junio 2020.- En el transcurso&hellip;<\/p>\n","protected":false},"author":2,"featured_media":11774,"comment_status":"closed","ping_status":"open","sticky":false,"template":"","format":"standard","meta":{"_lmt_disableupdate":"","_lmt_disable":"","_jetpack_memberships_contains_paid_content":false,"footnotes":""},"categories":[109,51],"tags":[118],"class_list":["post-13542","post","type-post","status-publish","format-standard","has-post-thumbnail","hentry","category-minuto-a-minuto","category-zona-roja","tag-san-juan-bautista-tuxtepec"],"jetpack_featured_media_url":"https:\/\/zonaroja.com.mx\/wp-content\/uploads\/2020\/04\/Tuxtepec2.jpg","jetpack_sharing_enabled":true,"_links":{"self":[{"href":"https:\/\/zonaroja.com.mx\/index.php?rest_route=\/wp\/v2\/posts\/13542","targetHints":{"allow":["GET"]}}],"collection":[{"href":"https:\/\/zonaroja.com.mx\/index.php?rest_route=\/wp\/v2\/posts"}],"about":[{"href":"https:\/\/zonaroja.com.mx\/index.php?rest_route=\/wp\/v2\/types\/post"}],"author":[{"embeddable":true,"href":"https:\/\/zonaroja.com.mx\/index.php?rest_route=\/wp\/v2\/users\/2"}],"replies":[{"embeddable":true,"href":"https:\/\/zonaroja.com.mx\/index.php?rest_route=%2Fwp%2Fv2%2Fcomments&post=13542"}],"version-history":[{"count":1,"href":"https:\/\/zonaroja.com.mx\/index.php?rest_route=\/wp\/v2\/posts\/13542\/revisions"}],"predecessor-version":[{"id":13543,"href":"https:\/\/zonaroja.com.mx\/index.php?rest_route=\/wp\/v2\/posts\/13542\/revisions\/13543"}],"wp:featuredmedia":[{"embeddable":true,"href":"https:\/\/zonaroja.com.mx\/index.php?rest_route=\/wp\/v2\/media\/11774"}],"wp:attachment":[{"href":"https:\/\/zonaroja.com.mx\/index.php?rest_route=%2Fwp%2Fv2%2Fmedia&parent=13542"}],"wp:term":[{"taxonomy":"category","embeddable":true,"href":"https:\/\/zonaroja.com.mx\/index.php?rest_route=%2Fwp%2Fv2%2Fcategories&post=13542"},{"taxonomy":"post_tag","embeddable":true,"href":"https:\/\/zonaroja.com.mx\/index.php?rest_route=%2Fwp%2Fv2%2Ftags&post=13542"}],"curies":[{"name":"wp","href":"https:\/\/api.w.org\/{rel}","templated":true}]}}