{"id":13549,"date":"2020-06-10T14:18:12","date_gmt":"2020-06-10T19:18:12","guid":{"rendered":"http:\/\/www.zonaroja.com.mx\/?p=13549"},"modified":"2020-06-10T14:18:16","modified_gmt":"2020-06-10T19:18:16","slug":"truncan-suenos-de-joven-deportista-profesional-piden-justiciaporalexander","status":"publish","type":"post","link":"https:\/\/zonaroja.com.mx\/?p=13549","title":{"rendered":"Truncan sue\u00f1os de joven deportista profesional; piden #JusticiaPorAlexander"},"content":{"rendered":"\n<p>Yuridiana Sosa\/Zona Roja.<\/p>\n\n\n\n<p>Oaxaca de Ju\u00e1rez, Oax., 10 de junio\nde 2020.- \u00abChander\u00bb, como lo conoc\u00edan sus amigos, ya era una promesa\nen el futbol profesional en M\u00e9xico, a sus 16 a\u00f1os de edad. <\/p>\n\n\n\n<p>Su sue\u00f1o empezaba a concretarse, con\nel apoyo de su madre; quer\u00eda pisar empastados donde juegan los grandes, como el\nestadio \u201cAzteca\u201d.<\/p>\n\n\n\n<p>Pero el anhelo de vida fue de\nAlexander G. M. frustrado en minutos. Polic\u00edas municipales de Acatl\u00e1n de P\u00e9rez\nFigueroa, en la regi\u00f3n de la Cuenca, lo asesinaron la noche de este martes.<\/p>\n\n\n\n<p>El menor de edad, de nacionalidad\nEstados Unidos-M\u00e9xico, pasaba una temporada de estancia con sus familiares en\nla comunidad de Vicente Camalote de Acatl\u00e1n, donde fue acribillado al ser \u201cconfundido\u201d\ncuando asisti\u00f3 a una tienda a comprar refresco.<\/p>\n\n\n\n<p>\u201cYo soy de esos chicos que sue\u00f1an en\ngrande, ese chico que sue\u00f1a con dejar una gran marca en el mundo del futbol,\nsoy de esos chicos que con cada obst\u00e1culo que la vida le pone lucho por\nsuperarlo y seguir adelante\u201d, refiere un texto que se hace viral en redes\nsociales, para exigir justicia por Alexander.<\/p>\n\n\n\n<p>La publicaci\u00f3n describe el sue\u00f1o del\nadolescente, sue\u00f1o que su propia madre reclam\u00f3 a la autoridad municipal entre\ngritos de lamentaciones y coraje la misma noche de este martes tras el\nasesinato de su hijo.<\/p>\n\n\n\n<p>DEPORTISTA PROMESA<\/p>\n\n\n\n<p>\u201cChander\u201d jugaba en la Filial Rayados\nde Tierra Blanca, municipio vecino del estado de Veracruz, as\u00ed como formaba\nparte del equipo de Tercera Divisi\u00f3n de la Universidad UGM de Orizaba,\nVeracruz.<\/p>\n\n\n\n<p>\u201cSoy un loco so\u00f1ador que sue\u00f1a con ser un jugador profesional y poder darle el mundo a los pies de mi mam\u00e1. Tengo este sue\u00f1o desde chiquito, pero solo espero que con la ayuda de Dios y con mi esfuerzo se me haga realidad. Soy un buen hijo, amigo y hermano\u201d, es parte de la descripci\u00f3n que sus familiares y amigos realizaron para visibilizar la injusticia sobre su asesinato.<\/p>\n\n\n\n<figure class=\"wp-block-image\"><img decoding=\"async\" width=\"960\" height=\"960\" src=\"http:\/\/www.zonaroja.com.mx\/wp-content\/uploads\/2020\/06\/Alexander-G-1.jpg\" alt=\"\" class=\"wp-image-13550\" srcset=\"https:\/\/zonaroja.com.mx\/wp-content\/uploads\/2020\/06\/Alexander-G-1.jpg 960w, https:\/\/zonaroja.com.mx\/wp-content\/uploads\/2020\/06\/Alexander-G-1-150x150.jpg 150w, https:\/\/zonaroja.com.mx\/wp-content\/uploads\/2020\/06\/Alexander-G-1-300x300.jpg 300w, https:\/\/zonaroja.com.mx\/wp-content\/uploads\/2020\/06\/Alexander-G-1-768x768.jpg 768w, https:\/\/zonaroja.com.mx\/wp-content\/uploads\/2020\/06\/Alexander-G-1-585x585.jpg 585w, https:\/\/zonaroja.com.mx\/wp-content\/uploads\/2020\/06\/Alexander-G-1-640x640.jpg 640w\" sizes=\"(max-width: 960px) 100vw, 960px\" \/><\/figure>\n\n\n\n<p>\u201cMi hijo hab\u00eda ido por un refresco,\nporque les hab\u00eda comprado una pizza; s\u00f3lo los estaba esperando para comer la\npizza.<\/p>\n\n\n\n<p>\u201cSon unos ni\u00f1os, \u00a1son unos ni\u00f1os!, \u00a1c\u00f3mo\nvoy a creer que esos pendejos se confundan! Por favor gente, luchen \u00a1luchemos!,\na m\u00ed ya me vale madre todo; me quitaron mi sangre, mi beb\u00e9\u2026<\/p>\n\n\n\n<p>\u201c\u00c9l era mi beb\u00e9, mi sangre, por el\nque yo luchaba, por el que me desviv\u00eda, para llevarlo a Orizaba para que jugara\nfutbol. \u00a1Mire lo que han hecho! \u00a1No es justo! Me han destruido\u2026 \u00a1esto no es\njusto!\u201d, clama la madre de Alexander.<\/p>\n\n\n\n<p>ACEPTAN RESPONSABILIDAD<\/p>\n\n\n\n<p>El gobierno municipal de Acatl\u00e1n de\nP\u00e9rez Figueroa, emanado del PAN, reconoci\u00f3 el \u201cerror\u201d de la Polic\u00eda Municipal,\na trav\u00e9s de una publicaci\u00f3n realizada en sus redes sociales la ma\u00f1ana de este\nmi\u00e9rcoles.<\/p>\n\n\n\n<p>Indic\u00f3 que el elemento involucrado en\nlos actos, y que iba a bordo de la patrulla 023, fue puesto a disposici\u00f3n de la\nFiscal\u00eda General de Oaxaca, as\u00ed como cooperar\u00e1n para brindar la informaci\u00f3n necesario\nde los hechos.<\/p>\n\n\n\n<p>Esta es la segunda ocasi\u00f3n durante\neste a\u00f1o que la Polic\u00eda Municipal de Acatl\u00e1n se ve involucrada en delitos de\nalto impacto, como ocurri\u00f3 en torno al enfrentamiento de polic\u00edas Estatales con\nun grupo armado el pasado 15 de mayo.<\/p>\n\n\n\n<p>Por este caso la Fiscal\u00eda General del\nEstado no ha informado los avances del caso; con respecto a Alexander,\n\u00fanicamente a trav\u00e9s de redes sociales inform\u00f3 que dio inicio a la Carpeta de\nInvestigaci\u00f3n 18130\/FCUE ACATL\u00c1N\/2020, por el homicidio.<\/p>\n","protected":false},"excerpt":{"rendered":"<p>Yuridiana Sosa\/Zona Roja. Oaxaca de Ju\u00e1rez, Oax., 10 de junio de 2020.- \u00abChander\u00bb, como lo&hellip;<\/p>\n","protected":false},"author":2,"featured_media":13551,"comment_status":"closed","ping_status":"open","sticky":false,"template":"","format":"standard","meta":{"_lmt_disableupdate":"","_lmt_disable":"","_jetpack_memberships_contains_paid_content":false,"footnotes":""},"categories":[109,51],"tags":[187],"class_list":["post-13549","post","type-post","status-publish","format-standard","has-post-thumbnail","hentry","category-minuto-a-minuto","category-zona-roja","tag-acatlan-de-perez-figueroa"],"jetpack_featured_media_url":"https:\/\/zonaroja.com.mx\/wp-content\/uploads\/2020\/06\/Alexander-G-3.jpg","jetpack_sharing_enabled":true,"_links":{"self":[{"href":"https:\/\/zonaroja.com.mx\/index.php?rest_route=\/wp\/v2\/posts\/13549","targetHints":{"allow":["GET"]}}],"collection":[{"href":"https:\/\/zonaroja.com.mx\/index.php?rest_route=\/wp\/v2\/posts"}],"about":[{"href":"https:\/\/zonaroja.com.mx\/index.php?rest_route=\/wp\/v2\/types\/post"}],"author":[{"embeddable":true,"href":"https:\/\/zonaroja.com.mx\/index.php?rest_route=\/wp\/v2\/users\/2"}],"replies":[{"embeddable":true,"href":"https:\/\/zonaroja.com.mx\/index.php?rest_route=%2Fwp%2Fv2%2Fcomments&post=13549"}],"version-history":[{"count":1,"href":"https:\/\/zonaroja.com.mx\/index.php?rest_route=\/wp\/v2\/posts\/13549\/revisions"}],"predecessor-version":[{"id":13552,"href":"https:\/\/zonaroja.com.mx\/index.php?rest_route=\/wp\/v2\/posts\/13549\/revisions\/13552"}],"wp:featuredmedia":[{"embeddable":true,"href":"https:\/\/zonaroja.com.mx\/index.php?rest_route=\/wp\/v2\/media\/13551"}],"wp:attachment":[{"href":"https:\/\/zonaroja.com.mx\/index.php?rest_route=%2Fwp%2Fv2%2Fmedia&parent=13549"}],"wp:term":[{"taxonomy":"category","embeddable":true,"href":"https:\/\/zonaroja.com.mx\/index.php?rest_route=%2Fwp%2Fv2%2Fcategories&post=13549"},{"taxonomy":"post_tag","embeddable":true,"href":"https:\/\/zonaroja.com.mx\/index.php?rest_route=%2Fwp%2Fv2%2Ftags&post=13549"}],"curies":[{"name":"wp","href":"https:\/\/api.w.org\/{rel}","templated":true}]}}