{"id":13553,"date":"2020-06-10T15:38:55","date_gmt":"2020-06-10T20:38:55","guid":{"rendered":"http:\/\/www.zonaroja.com.mx\/?p=13553"},"modified":"2020-06-10T15:39:00","modified_gmt":"2020-06-10T20:39:00","slug":"propone-diputada-oaxaquena-juicio-politico-a-gobernador-de-jalisco","status":"publish","type":"post","link":"https:\/\/zonaroja.com.mx\/?p=13553","title":{"rendered":"Propone diputada oaxaque\u00f1a juicio pol\u00edtico a gobernador de Jalisco"},"content":{"rendered":"\n<p>Redacci\u00f3n\/Zona Roja. Foto: Especial<\/p>\n\n\n\n<p>Oaxaca de Ju\u00e1rez, Oax., 10 de junio\nde 2020.- A ra\u00edz de los probables abusos policiacos en el estado de Jalisco, la\ndiputada local Magaly L\u00f3pez, exhort\u00f3 al Congreso de la Uni\u00f3n iniciar un juicio\npol\u00edtico en contra del gobernador de esa entidad, Enrique Alfaro Ram\u00edrez.<\/p>\n\n\n\n<p>As\u00ed mismo, al fiscal general del\nmismo estado, Gerardo Octavio Sol\u00eds, por los recientes hechos de ejecuci\u00f3n\nextrajudicial, detenci\u00f3n arbitraria, desaparici\u00f3n forzada y tortura cometidos\npor agentes gubernamentales en esa entidad.<\/p>\n\n\n\n<p>La legisladora expuso el caso del uso\nexcesivo de la fuerza p\u00fablica por parte de polic\u00edas de Ixtlahuac\u00e1n, Jalisco,\nque implic\u00f3 la ejecuci\u00f3n extrajudicial de un hombre de 33 a\u00f1os de edad\nidentificado como Giovanni L\u00f3pez, quien fue detenido y golpeado por elementos\nde la polic\u00eda en Jalisco, supuestamente por no portar cubrebocas como se\nobserva en un video difundido en redes sociales.<\/p>\n\n\n\n<p>Es en raz\u00f3n de ello que esta\nproposici\u00f3n busca exhortar a la C\u00e1mara de Diputados del Congreso de la Uni\u00f3n a\niniciar el proceso de juicio pol\u00edtico en contra del gobernador de Jalisco,\nEnrique Alfaro Ram\u00edrez, y del fiscal general del mismo estado, Gerardo Octavio\nSol\u00eds, pues la detenci\u00f3n arbitraria, la desaparici\u00f3n forzada y la tortura son\nviolaciones a la Constituci\u00f3n.<\/p>\n\n\n\n<p>En otro aspecto, el presente punto de\nacuerdo tambi\u00e9n solicita que la Fiscal\u00eda General de la Rep\u00fablica atraiga las\ninvestigaciones en torno a los delitos relacionados con la ejecuci\u00f3n\nextrajudicial, las detenciones arbitrarias, la tortura y la desaparici\u00f3n\nforzada que sufrieron las y los manifestantes. <\/p>\n\n\n\n<p>El sentido es obvio. La investigaci\u00f3n\ny persecuci\u00f3n de los delitos corresponde a la Fiscal\u00eda General del Estado, que\nen este caso es el propio ente que debe ser investigado.<\/p>\n\n\n\n<p>Indic\u00f3 que las sanciones consistir\u00e1n\nen la destituci\u00f3n del servidor p\u00fablico y en su inhabilitaci\u00f3n para desempe\u00f1ar\nfunciones, empleos, cargos o comisiones de cualquier naturaleza en el servicio\np\u00fablico.<\/p>\n","protected":false},"excerpt":{"rendered":"<p>Redacci\u00f3n\/Zona Roja. Foto: Especial Oaxaca de Ju\u00e1rez, Oax., 10 de junio de 2020.- A ra\u00edz&hellip;<\/p>\n","protected":false},"author":2,"featured_media":13554,"comment_status":"closed","ping_status":"open","sticky":false,"template":"","format":"standard","meta":{"_lmt_disableupdate":"","_lmt_disable":"","_jetpack_memberships_contains_paid_content":false,"footnotes":""},"categories":[109,47],"tags":[192],"class_list":["post-13553","post","type-post","status-publish","format-standard","has-post-thumbnail","hentry","category-minuto-a-minuto","category-zona-gris","tag-diputada-magaly-lopez-dominguez"],"jetpack_featured_media_url":"https:\/\/zonaroja.com.mx\/wp-content\/uploads\/2020\/06\/Alfaro-represi\u00f3n.jpg","jetpack_sharing_enabled":true,"_links":{"self":[{"href":"https:\/\/zonaroja.com.mx\/index.php?rest_route=\/wp\/v2\/posts\/13553","targetHints":{"allow":["GET"]}}],"collection":[{"href":"https:\/\/zonaroja.com.mx\/index.php?rest_route=\/wp\/v2\/posts"}],"about":[{"href":"https:\/\/zonaroja.com.mx\/index.php?rest_route=\/wp\/v2\/types\/post"}],"author":[{"embeddable":true,"href":"https:\/\/zonaroja.com.mx\/index.php?rest_route=\/wp\/v2\/users\/2"}],"replies":[{"embeddable":true,"href":"https:\/\/zonaroja.com.mx\/index.php?rest_route=%2Fwp%2Fv2%2Fcomments&post=13553"}],"version-history":[{"count":1,"href":"https:\/\/zonaroja.com.mx\/index.php?rest_route=\/wp\/v2\/posts\/13553\/revisions"}],"predecessor-version":[{"id":13555,"href":"https:\/\/zonaroja.com.mx\/index.php?rest_route=\/wp\/v2\/posts\/13553\/revisions\/13555"}],"wp:featuredmedia":[{"embeddable":true,"href":"https:\/\/zonaroja.com.mx\/index.php?rest_route=\/wp\/v2\/media\/13554"}],"wp:attachment":[{"href":"https:\/\/zonaroja.com.mx\/index.php?rest_route=%2Fwp%2Fv2%2Fmedia&parent=13553"}],"wp:term":[{"taxonomy":"category","embeddable":true,"href":"https:\/\/zonaroja.com.mx\/index.php?rest_route=%2Fwp%2Fv2%2Fcategories&post=13553"},{"taxonomy":"post_tag","embeddable":true,"href":"https:\/\/zonaroja.com.mx\/index.php?rest_route=%2Fwp%2Fv2%2Ftags&post=13553"}],"curies":[{"name":"wp","href":"https:\/\/api.w.org\/{rel}","templated":true}]}}