{"id":13556,"date":"2020-06-10T18:27:45","date_gmt":"2020-06-10T23:27:45","guid":{"rendered":"http:\/\/www.zonaroja.com.mx\/?p=13556"},"modified":"2020-06-10T18:27:48","modified_gmt":"2020-06-10T23:27:48","slug":"condena-defensoria-de-derechos-humanos-homicidio-de-joven-en-acatlan","status":"publish","type":"post","link":"https:\/\/zonaroja.com.mx\/?p=13556","title":{"rendered":"Condena Defensor\u00eda de Derechos Humanos homicidio de joven en Acatl\u00e1n"},"content":{"rendered":"\n<p>Redacci\u00f3n\/Zona Roja.<\/p>\n\n\n\n<p>Oaxaca de Ju\u00e1rez, Oax., 10 de junio\nde 2020.- La Defensor\u00eda de los Derechos Humanos del Pueblo de Oaxaca (DDHPO)\nconden\u00f3 el asesinato de un joven deportista&nbsp;\ny las lesiones provocadas a otra persona, perpetradas presuntamente por\nelementos de la Polic\u00eda Municipal de Acatl\u00e1n de P\u00e9rez Figueroa, la noche del\nmartes 9 de junio, ante lo cual inici\u00f3 un expediente de oficio por probables\nviolaciones a los derechos humanos.<\/p>\n\n\n\n<p>En un comunicado de prensa, inform\u00f3\nque realizar\u00e1 las investigaciones conducentes a fin de esclarecer las\ncircunstancias en las cuales ocurrieron los hechos, y, en su momento, emitir la\nresoluci\u00f3n que conforme a derecho corresponda.<\/p>\n\n\n\n<p>De igual forma, precis\u00f3 que ante este\ntipo de situaciones, es importante que se adopten medidas de atenci\u00f3n f\u00edsica y\npsicol\u00f3gica a los familiares de las v\u00edctimas, adem\u00e1s de garantizarles el acceso\na la justicia.<\/p>\n\n\n\n<p>Ante lo cual, sostuvo la DDHPO, es\nfundamental realizar de manera diligente las investigaciones en un lapso\nrazonable que permita establecer las responsabilidades e imponer las sanciones\ncorrespondientes respecto de los probables delitos cometidos o de las posibles\nviolaciones a derechos humanos. <\/p>\n\n\n\n<p>Se\u00f1al\u00f3 que durante 2019 recibi\u00f3 mil\n344 quejas contra autoridades municipales, de las cuales 256 (el 19 por ciento)\nestuvieron relacionadas con violaciones a los derechos humanos cometidas por\ndirectores, comandantes, tenientes y elementos de las polic\u00edas municipales, as\u00ed\ncomo topiles.<\/p>\n\n\n\n<p>Entre los principales motivos de\nqueja se encuentran: \u201cfalta o deficiencia en la motivaci\u00f3n de los actos de autoridad\u201d;\n\u201cdetenci\u00f3n arbitraria\u201d, \u201cuso indebido o desproporcionado de la fuerza\u201d, \u201ctratos\ncrueles o inhumanos\u201d, \u201csuspensi\u00f3n arbitraria de los derechos de una persona\u201d,\n\u201cimposici\u00f3n de penas o sanciones crueles e inhumanas\u201d, \u201cdetenci\u00f3n ilegal\u201d,\n\u201cagresiones\u201d y \u201camenazas\u201d.<\/p>\n\n\n\n<p>Mientras tanto, en lo que va de 2020,\nla DDHPO ha recibido 120 quejas contra polic\u00edas municipales, entre las cuales\nse encuentran dos decesos de personas ocurridas al interior de los centros de\ndetenci\u00f3n municipal de El Espinal y Mat\u00edas Romero.<\/p>\n\n\n\n<p>Los municipios que registran la mayor\nincidencia de quejas contra sus elementos policiales en el primer semestre de\neste a\u00f1o son: Oaxaca de Ju\u00e1rez, Santa Cruz Xoxocotl\u00e1n, Santa Luc\u00eda del Camino y\nCiudad Ixtepec.<\/p>\n\n\n\n<p>Asimismo, se\u00f1al\u00f3 que es urgente generar\nprocesos de formaci\u00f3n, sensibilizaci\u00f3n y acreditaci\u00f3n de los elementos\nmunicipales de toda la entidad en materia de derechos humanos, puesto que, de\nmanera hist\u00f3rica, los registros de la DDHPO los se\u00f1alan como una de las\nprincipales autoridades que incurren en violaciones de las prerrogativas\nfundamentales de las personas.<\/p>\n\n\n\n<p>De igual forma, el \u00f3rgano aut\u00f3nomo\nsostuvo la importancia de establecer una estrategia integral contra la\nviolencia en la regi\u00f3n de la Cuenca, misma que contemple la atenci\u00f3n de las causas\nestructurales que han provocado el desbordamiento de la criminalidad en la\nzona.<\/p>\n","protected":false},"excerpt":{"rendered":"<p>Redacci\u00f3n\/Zona Roja. Oaxaca de Ju\u00e1rez, Oax., 10 de junio de 2020.- La Defensor\u00eda de los&hellip;<\/p>\n","protected":false},"author":2,"featured_media":13550,"comment_status":"closed","ping_status":"open","sticky":false,"template":"","format":"standard","meta":{"_lmt_disableupdate":"","_lmt_disable":"","_jetpack_memberships_contains_paid_content":false,"footnotes":""},"categories":[109,47],"tags":[187,1749],"class_list":["post-13556","post","type-post","status-publish","format-standard","has-post-thumbnail","hentry","category-minuto-a-minuto","category-zona-gris","tag-acatlan-de-perez-figueroa","tag-alexander-g-m"],"jetpack_featured_media_url":"https:\/\/zonaroja.com.mx\/wp-content\/uploads\/2020\/06\/Alexander-G-1.jpg","jetpack_sharing_enabled":true,"_links":{"self":[{"href":"https:\/\/zonaroja.com.mx\/index.php?rest_route=\/wp\/v2\/posts\/13556","targetHints":{"allow":["GET"]}}],"collection":[{"href":"https:\/\/zonaroja.com.mx\/index.php?rest_route=\/wp\/v2\/posts"}],"about":[{"href":"https:\/\/zonaroja.com.mx\/index.php?rest_route=\/wp\/v2\/types\/post"}],"author":[{"embeddable":true,"href":"https:\/\/zonaroja.com.mx\/index.php?rest_route=\/wp\/v2\/users\/2"}],"replies":[{"embeddable":true,"href":"https:\/\/zonaroja.com.mx\/index.php?rest_route=%2Fwp%2Fv2%2Fcomments&post=13556"}],"version-history":[{"count":1,"href":"https:\/\/zonaroja.com.mx\/index.php?rest_route=\/wp\/v2\/posts\/13556\/revisions"}],"predecessor-version":[{"id":13557,"href":"https:\/\/zonaroja.com.mx\/index.php?rest_route=\/wp\/v2\/posts\/13556\/revisions\/13557"}],"wp:featuredmedia":[{"embeddable":true,"href":"https:\/\/zonaroja.com.mx\/index.php?rest_route=\/wp\/v2\/media\/13550"}],"wp:attachment":[{"href":"https:\/\/zonaroja.com.mx\/index.php?rest_route=%2Fwp%2Fv2%2Fmedia&parent=13556"}],"wp:term":[{"taxonomy":"category","embeddable":true,"href":"https:\/\/zonaroja.com.mx\/index.php?rest_route=%2Fwp%2Fv2%2Fcategories&post=13556"},{"taxonomy":"post_tag","embeddable":true,"href":"https:\/\/zonaroja.com.mx\/index.php?rest_route=%2Fwp%2Fv2%2Ftags&post=13556"}],"curies":[{"name":"wp","href":"https:\/\/api.w.org\/{rel}","templated":true}]}}