{"id":13558,"date":"2020-06-10T19:18:15","date_gmt":"2020-06-11T00:18:15","guid":{"rendered":"http:\/\/www.zonaroja.com.mx\/?p=13558"},"modified":"2020-06-10T19:18:19","modified_gmt":"2020-06-11T00:18:19","slug":"en-foco-rojo-desempeno-de-gobernador-de-oaxaca-ante-coronavirus-encuesta","status":"publish","type":"post","link":"https:\/\/zonaroja.com.mx\/?p=13558","title":{"rendered":"En \u201cfoco rojo\u201d desempe\u00f1o de gobernador de Oaxaca ante Coronavirus: encuesta"},"content":{"rendered":"\n<p>Yuridiana Sosa\/Zona Roja.<\/p>\n\n\n\n<p>Oaxaca de Ju\u00e1rez, Oax., 10 de junio\nde 2020.- Las distintas acciones que el gobernador Alejandro Murat Hinojosa ha\nimplementado en Oaxaca para prevenir, contener o atender la situaci\u00f3n del\nCovid-19, son insuficientes a vista de la poblaci\u00f3n, que lo calific\u00f3 entre los\ncuatro peores mandatarios de M\u00e9xico durante el sem\u00e1foro rojo de pandemia.<\/p>\n\n\n\n<p>La \u201cEncuesta nacional sobre\ndesempe\u00f1o\u201d publicada por Arias Consultores y Revista32, sobre el trabajo de los\ngobernadores del pa\u00eds, indic\u00f3 que Murat Hinojosa ocupa el lugar 29 con el 67. 7\npor ciento de desaprobaci\u00f3n, un lugar m\u00e1s abajo que la encuesta anterior de\nabril.<\/p>\n\n\n\n<p>De acuerdo el sondeo levantado entre\nlos d\u00edas 29 y 31 de mayo, la poblaci\u00f3n considera que no se han efectuado\nacciones importantes a favor de la poblaci\u00f3n durante la contingencia, ni cree\ncapaz al gobernador de implementar un plan efectivo para la reactivaci\u00f3n del\nestado.<\/p>\n\n\n\n<p>El 59.5 por ciento de los oaxaque\u00f1os\nencuestados desaprob\u00f3 la acci\u00f3n del gobernador sobre los apoyos econ\u00f3micos a\nsectores vulnerables, colocando al mandatario en la posici\u00f3n 30 de la lista.\nMientras que por apoyos alimenticios a sectores vulnerables la desaprobaci\u00f3n\nfue menor, con 53.9 y salt\u00f3 al lugar 26.<\/p>\n\n\n\n<p>Respecto a los apoyos financieros a\nempresarios que ejecuta el gobierno de Oaxaca, el 63.9 por ciento no aprob\u00f3 su\ntrabajo, y s\u00f3lo con el 4 por ciento de aprobaci\u00f3n se gan\u00f3 la posici\u00f3n 31 de la\nlista. Misma posici\u00f3n que ocup\u00f3 en relaci\u00f3n al tema de transparencia para la\nimplementaci\u00f3n de las acciones.<\/p>\n\n\n\n<p>En cuanto a las medidas de\nrestricci\u00f3n y orden, el 57. 8 por ciento lo reprob\u00f3 y s\u00f3lo el 29.7 aprob\u00f3 su\ntrabajo, ocupando el sitio 27 de la tabla, pero en cuanto a las acciones para\nla seguridad de la entidad, el 72.8 por ciento lo desaprob\u00f3.<\/p>\n\n\n\n<p>En raz\u00f3n de la reactivaci\u00f3n, el\nmandatario oaxaque\u00f1o tampoco result\u00f3 con buenas calificaciones, el 80.2 por\nciento no conf\u00edan en que realice una adecuada reactivaci\u00f3n econ\u00f3mica y el 71.7\npor ciento no considera que tenga la capacidad para una reactivaci\u00f3n social,\nas\u00ed como el 71.7 por ciento no conf\u00eda en la reactivaci\u00f3n de empleos, por lo que\nocup\u00f3 los lugares 29 y 28.<\/p>\n\n\n\n<p>RESPONSABILIDADES<\/p>\n\n\n\n<p>En la encuesta, los oaxaque\u00f1os\ntambi\u00e9n opinaron sobre deslindar responsabilidades a las autoridades federales\no estatales respecto a las acciones, y aunque la entidad es de los que menos ha\nrespetado la jornada \u201cQu\u00e9date en casa\u201d, refiri\u00f3 que los ciudadanos tambi\u00e9n\ntienen una importante responsabilidad para enfrentar la pandemia.<\/p>\n\n\n\n<p>A nivel nacional, el 68.6 por ciento\nde la poblaci\u00f3n consider\u00f3 que de los ciudadanos depende que la crisis del\ncoronavirus termine pronto; el 14.1 del gobierno federal y 12.2 del gobierno\nestatal.<\/p>\n\n\n\n<p>Mientras que en Oaxaca el 79.2 por\nciento poblaci\u00f3n opin\u00f3 que depende de la ciudadan\u00eda; 7.3 del gobierno federal y\n12.4 del estatal.<\/p>\n\n\n\n<p>Con relaci\u00f3n a si consideran que\nexistan las condiciones para que se reactiven las actividades, el 28.8 por\nciento de los oaxaque\u00f1os dijo que s\u00ed y el 69.9 que a\u00fan faltan.<\/p>\n\n\n\n<p>Mientras que para la pregunta sobre\nel tiempo que crees falta para terminar la cuarenta, el 16 por ciento de la\npoblaci\u00f3n en Oaxaca dijo que menos de un mes, 18.3 no sabe; el 28.4 dijo que\nfalta que el gobierno refuerce acciones y el 34.2 por ciento indic\u00f3 que depende\nde que la poblaci\u00f3n se cuide.<\/p>\n","protected":false},"excerpt":{"rendered":"<p>Yuridiana Sosa\/Zona Roja. Oaxaca de Ju\u00e1rez, Oax., 10 de junio de 2020.- Las distintas acciones&hellip;<\/p>\n","protected":false},"author":2,"featured_media":13559,"comment_status":"closed","ping_status":"open","sticky":false,"template":"","format":"standard","meta":{"_lmt_disableupdate":"","_lmt_disable":"","_jetpack_memberships_contains_paid_content":false,"footnotes":""},"categories":[109,47],"tags":[173],"class_list":["post-13558","post","type-post","status-publish","format-standard","has-post-thumbnail","hentry","category-minuto-a-minuto","category-zona-gris","tag-alejandro-murat-hinojosa"],"jetpack_featured_media_url":"https:\/\/zonaroja.com.mx\/wp-content\/uploads\/2020\/06\/Encuesta-gobernador.jpg","jetpack_sharing_enabled":true,"_links":{"self":[{"href":"https:\/\/zonaroja.com.mx\/index.php?rest_route=\/wp\/v2\/posts\/13558","targetHints":{"allow":["GET"]}}],"collection":[{"href":"https:\/\/zonaroja.com.mx\/index.php?rest_route=\/wp\/v2\/posts"}],"about":[{"href":"https:\/\/zonaroja.com.mx\/index.php?rest_route=\/wp\/v2\/types\/post"}],"author":[{"embeddable":true,"href":"https:\/\/zonaroja.com.mx\/index.php?rest_route=\/wp\/v2\/users\/2"}],"replies":[{"embeddable":true,"href":"https:\/\/zonaroja.com.mx\/index.php?rest_route=%2Fwp%2Fv2%2Fcomments&post=13558"}],"version-history":[{"count":1,"href":"https:\/\/zonaroja.com.mx\/index.php?rest_route=\/wp\/v2\/posts\/13558\/revisions"}],"predecessor-version":[{"id":13560,"href":"https:\/\/zonaroja.com.mx\/index.php?rest_route=\/wp\/v2\/posts\/13558\/revisions\/13560"}],"wp:featuredmedia":[{"embeddable":true,"href":"https:\/\/zonaroja.com.mx\/index.php?rest_route=\/wp\/v2\/media\/13559"}],"wp:attachment":[{"href":"https:\/\/zonaroja.com.mx\/index.php?rest_route=%2Fwp%2Fv2%2Fmedia&parent=13558"}],"wp:term":[{"taxonomy":"category","embeddable":true,"href":"https:\/\/zonaroja.com.mx\/index.php?rest_route=%2Fwp%2Fv2%2Fcategories&post=13558"},{"taxonomy":"post_tag","embeddable":true,"href":"https:\/\/zonaroja.com.mx\/index.php?rest_route=%2Fwp%2Fv2%2Ftags&post=13558"}],"curies":[{"name":"wp","href":"https:\/\/api.w.org\/{rel}","templated":true}]}}