{"id":13561,"date":"2020-06-10T21:55:47","date_gmt":"2020-06-11T02:55:47","guid":{"rendered":"http:\/\/www.zonaroja.com.mx\/?p=13561"},"modified":"2020-06-10T21:55:51","modified_gmt":"2020-06-11T02:55:51","slug":"acumula-oaxaca-16-muertos-y-60-nuevos-casos-de-covid-en-un-dia","status":"publish","type":"post","link":"https:\/\/zonaroja.com.mx\/?p=13561","title":{"rendered":"Acumula Oaxaca 16 muertos y 60 nuevos casos de Covid en un d\u00eda"},"content":{"rendered":"\n<p>Redacci\u00f3n\/Zona Roja.<\/p>\n\n\n\n<p>Oaxaca de Ju\u00e1rez, Oax. 10 de junio de\n2020.- Los Servicios de Salud de Oaxaca (SSO), contabilizaron hasta este\nmi\u00e9rcoles 10 de junio, 60 casos nuevos de Covid-19 en 30 municipios y 16\ndefunciones.<\/p>\n\n\n\n<p>Con ello, la cifra oficial asciende a\ndos mil 452 positivos y 269 personas que han perdido la vida a causa de la\ncontingencia sanitaria, inform\u00f3 en un comunicado.<\/p>\n\n\n\n<p>La dependencia enfatiz\u00f3 que\nactualmente existen 459 personas con la enfermedad en etapa activa; de \u00e9ste\nn\u00famero, 326 son residentes de Valles Centrales, 52 de Tuxtepec, 28 de la\nMixteca, 24 del Istmo de Tehuantepec, 15 de la Sierra (Norte), y 14 de la\nCosta.<\/p>\n\n\n\n<p>Destac\u00f3 que en el informe de municipios con presencia del virus, se agrega al corte de este mi\u00e9rcoles, la localidad de Magdalena Teitipac y San Dionisio del Mar, ambas zonas con un caso confirmado.<\/p>\n\n\n\n<figure class=\"wp-block-image\"><img decoding=\"async\" width=\"1024\" height=\"579\" src=\"http:\/\/www.zonaroja.com.mx\/wp-content\/uploads\/2020\/06\/SSO-2-2-1-1024x579.jpeg\" alt=\"\" class=\"wp-image-13563\" srcset=\"https:\/\/zonaroja.com.mx\/wp-content\/uploads\/2020\/06\/SSO-2-2-1-1024x579.jpeg 1024w, https:\/\/zonaroja.com.mx\/wp-content\/uploads\/2020\/06\/SSO-2-2-1-300x170.jpeg 300w, https:\/\/zonaroja.com.mx\/wp-content\/uploads\/2020\/06\/SSO-2-2-1-768x434.jpeg 768w, https:\/\/zonaroja.com.mx\/wp-content\/uploads\/2020\/06\/SSO-2-2-1-1170x663.jpeg 1170w, https:\/\/zonaroja.com.mx\/wp-content\/uploads\/2020\/06\/SSO-2-2-1-585x331.jpeg 585w, https:\/\/zonaroja.com.mx\/wp-content\/uploads\/2020\/06\/SSO-2-2-1.jpeg 1280w\" sizes=\"(max-width: 1024px) 100vw, 1024px\" \/><\/figure>\n\n\n\n<p>Subray\u00f3 que tambi\u00e9n se tienen 922\npacientes sospechosos, dos mil 051 negativos, y mil 724 recuperados, con lo que\nda un total de cinco mil 425 notificaciones en el estado.<\/p>\n\n\n\n<p>Indic\u00f3 que el personal del sector\nsalud que ha dado positivo, 207 son de enfermer\u00eda, le siguen 193 m\u00e9dicos y 96\ncasos de trabajadores de otras \u00e1reas; en total, son 496 contagiados.<\/p>\n\n\n\n<p>Respecto a las defunciones por distribuci\u00f3n\ngeogr\u00e1fica, mencion\u00f3 que 163 corresponden a la Jurisdicci\u00f3n Sanitaria de Valles\nCentrales, 45 a Tuxtepec, 21 al Istmo de Tehuantepec, 20 a la Mixteca, as\u00ed como\n10 a la Costa y mismo n\u00famero a la Sierra (Norte). Y del global, el 66% eran\nvarones.<\/p>\n","protected":false},"excerpt":{"rendered":"<p>Redacci\u00f3n\/Zona Roja. Oaxaca de Ju\u00e1rez, Oax. 10 de junio de 2020.- Los Servicios de Salud&hellip;<\/p>\n","protected":false},"author":2,"featured_media":13562,"comment_status":"closed","ping_status":"open","sticky":false,"template":"","format":"standard","meta":{"_lmt_disableupdate":"","_lmt_disable":"","_jetpack_memberships_contains_paid_content":false,"footnotes":""},"categories":[109,51],"tags":[1512],"class_list":["post-13561","post","type-post","status-publish","format-standard","has-post-thumbnail","hentry","category-minuto-a-minuto","category-zona-roja","tag-coronavirus-oaxaca"],"jetpack_featured_media_url":"https:\/\/zonaroja.com.mx\/wp-content\/uploads\/2020\/06\/SSO-1-2-1.jpeg","jetpack_sharing_enabled":true,"_links":{"self":[{"href":"https:\/\/zonaroja.com.mx\/index.php?rest_route=\/wp\/v2\/posts\/13561","targetHints":{"allow":["GET"]}}],"collection":[{"href":"https:\/\/zonaroja.com.mx\/index.php?rest_route=\/wp\/v2\/posts"}],"about":[{"href":"https:\/\/zonaroja.com.mx\/index.php?rest_route=\/wp\/v2\/types\/post"}],"author":[{"embeddable":true,"href":"https:\/\/zonaroja.com.mx\/index.php?rest_route=\/wp\/v2\/users\/2"}],"replies":[{"embeddable":true,"href":"https:\/\/zonaroja.com.mx\/index.php?rest_route=%2Fwp%2Fv2%2Fcomments&post=13561"}],"version-history":[{"count":1,"href":"https:\/\/zonaroja.com.mx\/index.php?rest_route=\/wp\/v2\/posts\/13561\/revisions"}],"predecessor-version":[{"id":13564,"href":"https:\/\/zonaroja.com.mx\/index.php?rest_route=\/wp\/v2\/posts\/13561\/revisions\/13564"}],"wp:featuredmedia":[{"embeddable":true,"href":"https:\/\/zonaroja.com.mx\/index.php?rest_route=\/wp\/v2\/media\/13562"}],"wp:attachment":[{"href":"https:\/\/zonaroja.com.mx\/index.php?rest_route=%2Fwp%2Fv2%2Fmedia&parent=13561"}],"wp:term":[{"taxonomy":"category","embeddable":true,"href":"https:\/\/zonaroja.com.mx\/index.php?rest_route=%2Fwp%2Fv2%2Fcategories&post=13561"},{"taxonomy":"post_tag","embeddable":true,"href":"https:\/\/zonaroja.com.mx\/index.php?rest_route=%2Fwp%2Fv2%2Ftags&post=13561"}],"curies":[{"name":"wp","href":"https:\/\/api.w.org\/{rel}","templated":true}]}}