{"id":13568,"date":"2020-06-10T22:28:19","date_gmt":"2020-06-11T03:28:19","guid":{"rendered":"http:\/\/www.zonaroja.com.mx\/?p=13568"},"modified":"2020-06-10T22:28:22","modified_gmt":"2020-06-11T03:28:22","slug":"trabajadores-del-imss-oaxaca-denuncian-contagios-en-la-plantilla-laboral","status":"publish","type":"post","link":"https:\/\/zonaroja.com.mx\/?p=13568","title":{"rendered":"Trabajadores del IMSS Oaxaca denuncian contagios en la plantilla laboral"},"content":{"rendered":"\n<p>Yuridiana Sosa\/Zona Roja.<\/p>\n\n\n\n<p>Oaxaca de Juarez, Oax., 10 de junio\nde 2020.- Trabajadores del almac\u00e9n del Instituto Mexicano del Seguro Social\n(IMSS) en Oaxaca denunciaron irregularidades, negligencia y amenazas por parte\ndel jefe del \u00e1rea, Francisco Javier Arias Enr\u00edquez, ante los contagios de\nCovid-19 en la plantilla laboral.<\/p>\n\n\n\n<p>Por esta situaci\u00f3n, los empleados planean\nun paro laboral para exigir mejores condiciones de trabajo, desde medidas de\nprotecci\u00f3n para que se respeta la sana distancia, de protecci\u00f3n m\u00e9dica\npersonal, entre otras que hasta el momento no se han llevado a cabo.<\/p>\n\n\n\n<p>Denunciaron que los trabajadores\ncontagiados siguen sus labores y Arias Enr\u00edquez se escuda en el tema de la\nconfidencialidad de los casos para justificar una supuesta ausencia de\ncontagios en el centro laboral.<\/p>\n\n\n\n<p>Al difundirse y confirmarse la\ninformaci\u00f3n de los casos entre la plantilla, el jefe de Almac\u00e9n ahora amenaza\ncon afectaciones laborales a los trabajadores, seg\u00fan denunciaron.<\/p>\n\n\n\n<p>Los sindicalizados acusaron que cada\nd\u00eda son m\u00e1s de 100 personas las que asisten a trabajar en un mismo espacio, lo\nque incrementa el riesgo de contagio, por lo que proponen la reorganizaci\u00f3n de\nhorarios laborales, por lo que hacen un llamado a sus superiores para que\nintervengan en este problema de salud.<\/p>\n","protected":false},"excerpt":{"rendered":"<p>Yuridiana Sosa\/Zona Roja. Oaxaca de Juarez, Oax., 10 de junio de 2020.- Trabajadores del almac\u00e9n&hellip;<\/p>\n","protected":false},"author":2,"featured_media":13569,"comment_status":"closed","ping_status":"open","sticky":false,"template":"","format":"standard","meta":{"_lmt_disableupdate":"","_lmt_disable":"","_jetpack_memberships_contains_paid_content":false,"footnotes":""},"categories":[109,47],"tags":[1261],"class_list":["post-13568","post","type-post","status-publish","format-standard","has-post-thumbnail","hentry","category-minuto-a-minuto","category-zona-gris","tag-delegacion-del-imss-oaxaca"],"jetpack_featured_media_url":"https:\/\/zonaroja.com.mx\/wp-content\/uploads\/2020\/06\/trabajadores-IMSS.jpg","jetpack_sharing_enabled":true,"_links":{"self":[{"href":"https:\/\/zonaroja.com.mx\/index.php?rest_route=\/wp\/v2\/posts\/13568","targetHints":{"allow":["GET"]}}],"collection":[{"href":"https:\/\/zonaroja.com.mx\/index.php?rest_route=\/wp\/v2\/posts"}],"about":[{"href":"https:\/\/zonaroja.com.mx\/index.php?rest_route=\/wp\/v2\/types\/post"}],"author":[{"embeddable":true,"href":"https:\/\/zonaroja.com.mx\/index.php?rest_route=\/wp\/v2\/users\/2"}],"replies":[{"embeddable":true,"href":"https:\/\/zonaroja.com.mx\/index.php?rest_route=%2Fwp%2Fv2%2Fcomments&post=13568"}],"version-history":[{"count":1,"href":"https:\/\/zonaroja.com.mx\/index.php?rest_route=\/wp\/v2\/posts\/13568\/revisions"}],"predecessor-version":[{"id":13570,"href":"https:\/\/zonaroja.com.mx\/index.php?rest_route=\/wp\/v2\/posts\/13568\/revisions\/13570"}],"wp:featuredmedia":[{"embeddable":true,"href":"https:\/\/zonaroja.com.mx\/index.php?rest_route=\/wp\/v2\/media\/13569"}],"wp:attachment":[{"href":"https:\/\/zonaroja.com.mx\/index.php?rest_route=%2Fwp%2Fv2%2Fmedia&parent=13568"}],"wp:term":[{"taxonomy":"category","embeddable":true,"href":"https:\/\/zonaroja.com.mx\/index.php?rest_route=%2Fwp%2Fv2%2Fcategories&post=13568"},{"taxonomy":"post_tag","embeddable":true,"href":"https:\/\/zonaroja.com.mx\/index.php?rest_route=%2Fwp%2Fv2%2Ftags&post=13568"}],"curies":[{"name":"wp","href":"https:\/\/api.w.org\/{rel}","templated":true}]}}