{"id":13572,"date":"2020-06-11T07:50:07","date_gmt":"2020-06-11T12:50:07","guid":{"rendered":"http:\/\/www.zonaroja.com.mx\/?p=13572"},"modified":"2020-06-11T07:50:11","modified_gmt":"2020-06-11T12:50:11","slug":"matan-a-balazos-otro-adolescente-en-la-cuenca-y-a-su-madre","status":"publish","type":"post","link":"https:\/\/zonaroja.com.mx\/?p=13572","title":{"rendered":"Matan a balazos otro adolescente en la Cuenca y a su madre"},"content":{"rendered":"\n<p>Ismael Garc\u00eda M.\/Zona Roja.<\/p>\n\n\n\n<p>Oaxaca de Ju\u00e1rez, Oax., 11 de junio\nde 2020.- Tras el asesinato el martes de un adolescente de 16 a\u00f1os de edad en\nla regi\u00f3n de la Cuenca de Oaxaca, anoche fue ejecutado otro menor, de 17 a\u00f1os\nde edad, junto con su madre.<\/p>\n\n\n\n<p>Estos \u00faltimos hechos ocurrieron en el\nparque del Ejido San Bartolo de San Juan Bautista Tuxtepec, donde sujetos\narmados acribillaron a Giovanni de Jes\u00fas G. P. y a Basilia P., de 38 a\u00f1os de\nedad. <\/p>\n\n\n\n<p>El adolescente perdi\u00f3 la vida al\ninstante mientras que su madre fue trasladada a un hospital, donde\nposteriormente perdi\u00f3 la vida.<\/p>\n\n\n\n<p>Hasta el momento se desconoce qui\u00e9n o\nqui\u00e9nes son los autores del crimen del menor y su madre.<\/p>\n\n\n\n<p>En el Ejido San Bartolo, apenas el martes\npasado fue asesinado un joven de 23 a\u00f1os de edad; el domingo pasado fueron ejecutados\notros dos j\u00f3venes, en una cancha deportiva.<\/p>\n\n\n\n<p>De acuerdo con reportes informativos\nde la regi\u00f3n de la Cuenca, en Tuxtepec han sido asesinadas 63 personas en lo\nque va del a\u00f1o.<\/p>\n\n\n\n<p>Por otra parte, como se inform\u00f3, la\nnoche del martes en Acatl\u00e1n de P\u00e9rez Figueroa, polic\u00edas municipales ultimaron con\ndisparos de arma de fuego en la cabeza, a Alexander G., de 17 a\u00f1os de edad,\nmientras que otro adolescente se encuentra grave en un nosocomio de Tuxtepec.<\/p>\n","protected":false},"excerpt":{"rendered":"<p>Ismael Garc\u00eda M.\/Zona Roja. Oaxaca de Ju\u00e1rez, Oax., 11 de junio de 2020.- Tras el&hellip;<\/p>\n","protected":false},"author":2,"featured_media":7486,"comment_status":"closed","ping_status":"open","sticky":false,"template":"","format":"standard","meta":{"_lmt_disableupdate":"","_lmt_disable":"","_jetpack_memberships_contains_paid_content":false,"footnotes":""},"categories":[109,51],"tags":[187,118],"class_list":["post-13572","post","type-post","status-publish","format-standard","has-post-thumbnail","hentry","category-minuto-a-minuto","category-zona-roja","tag-acatlan-de-perez-figueroa","tag-san-juan-bautista-tuxtepec"],"jetpack_featured_media_url":"https:\/\/zonaroja.com.mx\/wp-content\/uploads\/2020\/01\/Escena-del-crimen7.jpg","jetpack_sharing_enabled":true,"_links":{"self":[{"href":"https:\/\/zonaroja.com.mx\/index.php?rest_route=\/wp\/v2\/posts\/13572","targetHints":{"allow":["GET"]}}],"collection":[{"href":"https:\/\/zonaroja.com.mx\/index.php?rest_route=\/wp\/v2\/posts"}],"about":[{"href":"https:\/\/zonaroja.com.mx\/index.php?rest_route=\/wp\/v2\/types\/post"}],"author":[{"embeddable":true,"href":"https:\/\/zonaroja.com.mx\/index.php?rest_route=\/wp\/v2\/users\/2"}],"replies":[{"embeddable":true,"href":"https:\/\/zonaroja.com.mx\/index.php?rest_route=%2Fwp%2Fv2%2Fcomments&post=13572"}],"version-history":[{"count":1,"href":"https:\/\/zonaroja.com.mx\/index.php?rest_route=\/wp\/v2\/posts\/13572\/revisions"}],"predecessor-version":[{"id":13573,"href":"https:\/\/zonaroja.com.mx\/index.php?rest_route=\/wp\/v2\/posts\/13572\/revisions\/13573"}],"wp:featuredmedia":[{"embeddable":true,"href":"https:\/\/zonaroja.com.mx\/index.php?rest_route=\/wp\/v2\/media\/7486"}],"wp:attachment":[{"href":"https:\/\/zonaroja.com.mx\/index.php?rest_route=%2Fwp%2Fv2%2Fmedia&parent=13572"}],"wp:term":[{"taxonomy":"category","embeddable":true,"href":"https:\/\/zonaroja.com.mx\/index.php?rest_route=%2Fwp%2Fv2%2Fcategories&post=13572"},{"taxonomy":"post_tag","embeddable":true,"href":"https:\/\/zonaroja.com.mx\/index.php?rest_route=%2Fwp%2Fv2%2Ftags&post=13572"}],"curies":[{"name":"wp","href":"https:\/\/api.w.org\/{rel}","templated":true}]}}