{"id":13574,"date":"2020-06-11T08:15:11","date_gmt":"2020-06-11T13:15:11","guid":{"rendered":"http:\/\/www.zonaroja.com.mx\/?p=13574"},"modified":"2020-06-11T08:15:14","modified_gmt":"2020-06-11T13:15:14","slug":"red-de-instancias-municipales-piden-sanciones-a-edil-de-oaxaca-por-ejercer-violencia","status":"publish","type":"post","link":"https:\/\/zonaroja.com.mx\/?p=13574","title":{"rendered":"Red de instancias municipales piden sanciones a edil de Oaxaca por ejercer violencia"},"content":{"rendered":"\n<p>Evlin Arag\u00f3n\/Zona Roja.<\/p>\n\n\n\n<p>Oaxaca de Ju\u00e1rez, Oax., 11 de junio\nde 2020.- Integrantes de la Red de Instancias Municipales de las Mujeres del\nEstado de Oaxaca manifestaron su apoyo y respaldo a Jaquelina Escamilla\nVillanueva, ante la violencia pol\u00edtica, psicol\u00f3gica y laboral de la que fue\nv\u00edctima y que fue ejercida por el edil de la capital oaxaque\u00f1a, Oswaldo Garc\u00eda\nJarqu\u00edn y su c\u00f3nyuge, el pasado 28 de mayo.<\/p>\n\n\n\n<p>Lo anterior lo hicieron a trav\u00e9s de\nun posicionamiento p\u00fablico emitido el pasado 29 de mayo, pero difundido apenas\neste martes en las redes sociales, dirigido a la sociedad oaxaque\u00f1a, la opini\u00f3n\np\u00fablica, as\u00ed como a las autoridades federales y estatales, en donde exigieron\nse apliquen las sanciones administrativas y judiciales correspondientes a fin\nde que no queden impunes los actos que vulneran los derechos de las mujeres.<\/p>\n\n\n\n<p>Y es que, de acuerdo con las\nfirmantes, la separaci\u00f3n del cargo de la funcionaria, se llev\u00f3 a cabo basada en\nuna decisi\u00f3n arbitraria y unilateral por parte del edil oaxaque\u00f1o, surgido del\nPartido Morena, adem\u00e1s que se\u00f1alaron las amenazas y agresiones que emiti\u00f3 en su\ncontra vulneran la seguridad e integridad de la v\u00edctima.<\/p>\n\n\n\n<p>Denunciaron el uso faccioso de los\nrecursos y espacio p\u00fablicos en beneficio de sectores conservadores de la\nsociedad, a sabiendas que la Instancias Municipales tienen como objetivo\npromover, difundir y generar mecanismos, acciones y herramientas que permitan\nel pleno goce de los derechos humanos de las mujeres.<\/p>\n\n\n\n<p>\u201cManifestamos nuestro total\ndesacuerdo para que lo espacios p\u00fablicos e instituciones enfocadas en\nposicionar los derechos de las mujeres como eje articulador para consolidar una\nreal democracia, sean utilizados como plataformas para posicionar temas que van\nen contra de los derechos ganados y reconocidos en nuestro estado en los \u00faltimo\na\u00f1os\u201d, refiere el documento.<\/p>\n\n\n\n<p>En este sentido, se dijeron\nconscientes de que como funcionarias p\u00fablicas del orden municipal, deben ser\nneutrales para brindar todas las opciones a las mujeres y sean est\u00e1n las que\ntomen decisiones conscientes, sin embargo, no por ello deben ignorar las\nconquistas legales ganadas de forma reciente, ya que estar\u00edan incurriendo en\nuna violaci\u00f3n a los derechos humanos de este sector.<\/p>\n\n\n\n<p>Finalmente hicieron un llamado a los gobiernos e instituciones de los distintos niveles para mantener la m\u00e1xima laicidad del Estado, ante los intentos abrumadores de sectores conservadores y religiosos por definir las pol\u00edticas p\u00fablicas y obstruir las acciones que tienen como \u00fanico objetivo la construcci\u00f3n de una sociedad m\u00e1s justa, plural e incluyente.<\/p>\n\n\n\n<p>El documento est\u00e1 firmado por\nrepresentantes de al menos 58 Instancias Municipales de las Mujeres que integran\nla red en el Estado de Oaxaca.<\/p>\n","protected":false},"excerpt":{"rendered":"<p>Evlin Arag\u00f3n\/Zona Roja. Oaxaca de Ju\u00e1rez, Oax., 11 de junio de 2020.- Integrantes de la&hellip;<\/p>\n","protected":false},"author":2,"featured_media":13575,"comment_status":"closed","ping_status":"open","sticky":false,"template":"","format":"standard","meta":{"_lmt_disableupdate":"","_lmt_disable":"","_jetpack_memberships_contains_paid_content":false,"footnotes":""},"categories":[109,47],"tags":[244],"class_list":["post-13574","post","type-post","status-publish","format-standard","has-post-thumbnail","hentry","category-minuto-a-minuto","category-zona-gris","tag-jaqueline-escamilla-villanueva"],"jetpack_featured_media_url":"https:\/\/zonaroja.com.mx\/wp-content\/uploads\/2020\/06\/Oswaldo-Garc\u00eda-Jarqu\u00edn.jpg","jetpack_sharing_enabled":true,"_links":{"self":[{"href":"https:\/\/zonaroja.com.mx\/index.php?rest_route=\/wp\/v2\/posts\/13574","targetHints":{"allow":["GET"]}}],"collection":[{"href":"https:\/\/zonaroja.com.mx\/index.php?rest_route=\/wp\/v2\/posts"}],"about":[{"href":"https:\/\/zonaroja.com.mx\/index.php?rest_route=\/wp\/v2\/types\/post"}],"author":[{"embeddable":true,"href":"https:\/\/zonaroja.com.mx\/index.php?rest_route=\/wp\/v2\/users\/2"}],"replies":[{"embeddable":true,"href":"https:\/\/zonaroja.com.mx\/index.php?rest_route=%2Fwp%2Fv2%2Fcomments&post=13574"}],"version-history":[{"count":1,"href":"https:\/\/zonaroja.com.mx\/index.php?rest_route=\/wp\/v2\/posts\/13574\/revisions"}],"predecessor-version":[{"id":13576,"href":"https:\/\/zonaroja.com.mx\/index.php?rest_route=\/wp\/v2\/posts\/13574\/revisions\/13576"}],"wp:featuredmedia":[{"embeddable":true,"href":"https:\/\/zonaroja.com.mx\/index.php?rest_route=\/wp\/v2\/media\/13575"}],"wp:attachment":[{"href":"https:\/\/zonaroja.com.mx\/index.php?rest_route=%2Fwp%2Fv2%2Fmedia&parent=13574"}],"wp:term":[{"taxonomy":"category","embeddable":true,"href":"https:\/\/zonaroja.com.mx\/index.php?rest_route=%2Fwp%2Fv2%2Fcategories&post=13574"},{"taxonomy":"post_tag","embeddable":true,"href":"https:\/\/zonaroja.com.mx\/index.php?rest_route=%2Fwp%2Fv2%2Ftags&post=13574"}],"curies":[{"name":"wp","href":"https:\/\/api.w.org\/{rel}","templated":true}]}}