{"id":13577,"date":"2020-06-11T10:20:59","date_gmt":"2020-06-11T15:20:59","guid":{"rendered":"http:\/\/www.zonaroja.com.mx\/?p=13577"},"modified":"2020-06-11T10:21:03","modified_gmt":"2020-06-11T15:21:03","slug":"diputada-pide-formalmente-remocion-del-fiscal-general-de-oaxaca","status":"publish","type":"post","link":"https:\/\/zonaroja.com.mx\/?p=13577","title":{"rendered":"Diputada pide formalmente remoci\u00f3n del fiscal General de Oaxaca"},"content":{"rendered":"\n<p>Evlin Arag\u00f3n\/Zona Roja.<\/p>\n\n\n\n<p>Oaxaca de Ju\u00e1rez, Oax., 11 de junio\nde 2020.- La diputada local por Morena, Magaly L\u00f3pez Dom\u00ednguez, exhort\u00f3 al\ngobernador de Oaxaca, Alejandro Murat Hinojosa, proceda a la remoci\u00f3n del fiscal\nGeneral del Estado, Rub\u00e9n Vasconcelos M\u00e9ndez, por sus evidentes violaciones a\nla Constituci\u00f3n y a la ley cometidas en las investigaciones relacionadas con el\nasesinato de la fotoperiodista Mar\u00eda del Sol Cruz Jarqu\u00edn.<\/p>\n\n\n\n<p>Lo hizo mediante un Punto de Acuerdo que present\u00f3 ante la Diputaci\u00f3n Permanente de la 64 Legislatura del Congreso del Estado, en donde pidi\u00f3 al titular del Poder Ejecutivo ejercer la facultad que le confiere la fracci\u00f3n XXVII del art\u00edculo 79 constitucional, para quitar del puesto al titular de la fiscal\u00eda oaxaque\u00f1a.<\/p>\n\n\n\n<p>De acuerdo con la legisladora, un a\u00f1o\nha pasado desde que al interior del pleno y mediante un punto de acuerdo, las comisiones\nPermanentes de Administraci\u00f3n y Procuraci\u00f3n de Justicia, y de Derechos Humanos,\nsolicitaron al fiscal General del Estado para que a la brevedad agotara las\ninvestigaciones que permitieran el esclarecimiento de los hechos referentes al\nasesinato de la fotoperiodista, lo anterior sin ning\u00fan tipo de respuesta\nfavorable hasta el momento.<\/p>\n\n\n\n<p>Por el contrario, contin\u00faan las\nomisiones por parte de la Fiscal\u00eda, ya que en el mes de febrero, sin tener de\npretexto la pandemia, deb\u00eda realizarse la audiencia intermedia, que por segunda\nocasi\u00f3n fue diferida, por supuestas \u201cfallas t\u00e9cnicas\u201d imputables a la dependencia.&nbsp; <\/p>\n\n\n\n<p>\u201cEl nombre de Mar\u00eda del Sol Cruz\nJarqu\u00edn exhibe la impunidad, que en el estado de Oaxaca es generalizada, ante\nuna Fiscal\u00eda impasible que no cumple sus obligaciones\u201d, refiri\u00f3 la diputada en\nel exhorto presentado con fecha del 9 de junio.<\/p>\n\n\n\n<p>As\u00ed mismo, L\u00f3pez Dom\u00ednguez lament\u00f3\nque a dos a\u00f1os del asesinato de la joven, contin\u00faen vigentes las pifias del\nfiscal Rub\u00e9n Vasconcelos dentro de las que figuran no investigar con\nperspectiva de g\u00e9nero; considera el asesinato como un hecho aislado, y no toma\nen cuenta el contexto pol\u00edtico-electoral, ni el robo de sus pertenec\u00edas.<\/p>\n\n\n\n<p>Record\u00f3 de acuerdo con la madre de la\njoven asesinada, Soledad Jarqu\u00edn, hay tres procesos judicializados despu\u00e9s de\nun a\u00f1o de los hechos y que no tienen avances hasta el momento, debido a la\np\u00e9sima actuaci\u00f3n por parte de la autoridad encargada \u00fanicamente de nombre de la\nprocuraci\u00f3n de justicia.<\/p>\n\n\n\n<p>\u201cEl nombre de Mar\u00eda del Sol pone al\ndescubierto una realidad lacerante y perversa, ya denunciada por su madre: la\njusticia es obstruida por quienes deber\u00edan procurarla\u201d, lament\u00f3.<\/p>\n\n\n\n<p>Finalmente reiter\u00f3 que de acuerdo con\nla Constituci\u00f3n Pol\u00edtica del Estado de Oaxaca, el mandatario estatal tiene la\nfacultad de designar y remover fiscal General del Estado de Oaxaca y removerlo\nen t\u00e9rminos de lo dispuesto en el apartado D del Art\u00edculo 114, por lo que le\ninsisti\u00f3 en tomar la decisi\u00f3n ante las omisiones cometidas por el funcionario.<\/p>\n\n\n\n<p>Desde hace m\u00e1s de diez d\u00edas, la\nfamilia de la joven asesinada el 2 junio del 2018, en Juchit\u00e1n de Zaragoza,\nencabeza una campa\u00f1a denominada \u201cHasta que la justicia llegue\u201d, en la que\nreclaman dos a\u00f1os de omisiones, complicidades e impunidad en el caso por parte\nde la Fiscal\u00eda General de Oaxaca.<\/p>\n\n\n\n<p>As\u00ed mismo, irregularidades al interior de la Fiscal\u00eda Especializada en Delitos Electorales, el Tribunal de Justicia Administrativa, la Secretar\u00eda de Finanzas y al propio gobernador de Oaxaca, quienes han evadido su responsabilidad y no han cumplido con la parte que les corresponde para brindar justicia a Mar\u00eda del Sol.<\/p>\n\n\n\n<p>El Punto de Acuerdo de la legisladora fue turnado a las comisiones respectivas para su an\u00e1lisis y dictamen correspondiente.<\/p>\n","protected":false},"excerpt":{"rendered":"<p>Evlin Arag\u00f3n\/Zona Roja. Oaxaca de Ju\u00e1rez, Oax., 11 de junio de 2020.- La diputada local&hellip;<\/p>\n","protected":false},"author":2,"featured_media":13182,"comment_status":"closed","ping_status":"open","sticky":false,"template":"","format":"standard","meta":{"_lmt_disableupdate":"","_lmt_disable":"","_jetpack_memberships_contains_paid_content":false,"footnotes":""},"categories":[109,47],"tags":[192,170],"class_list":["post-13577","post","type-post","status-publish","format-standard","has-post-thumbnail","hentry","category-minuto-a-minuto","category-zona-gris","tag-diputada-magaly-lopez-dominguez","tag-ruben-vasconcelos-mendez"],"jetpack_featured_media_url":"https:\/\/zonaroja.com.mx\/wp-content\/uploads\/2020\/06\/Magaly-L\u00f3pez-D.jpeg","jetpack_sharing_enabled":true,"_links":{"self":[{"href":"https:\/\/zonaroja.com.mx\/index.php?rest_route=\/wp\/v2\/posts\/13577","targetHints":{"allow":["GET"]}}],"collection":[{"href":"https:\/\/zonaroja.com.mx\/index.php?rest_route=\/wp\/v2\/posts"}],"about":[{"href":"https:\/\/zonaroja.com.mx\/index.php?rest_route=\/wp\/v2\/types\/post"}],"author":[{"embeddable":true,"href":"https:\/\/zonaroja.com.mx\/index.php?rest_route=\/wp\/v2\/users\/2"}],"replies":[{"embeddable":true,"href":"https:\/\/zonaroja.com.mx\/index.php?rest_route=%2Fwp%2Fv2%2Fcomments&post=13577"}],"version-history":[{"count":1,"href":"https:\/\/zonaroja.com.mx\/index.php?rest_route=\/wp\/v2\/posts\/13577\/revisions"}],"predecessor-version":[{"id":13578,"href":"https:\/\/zonaroja.com.mx\/index.php?rest_route=\/wp\/v2\/posts\/13577\/revisions\/13578"}],"wp:featuredmedia":[{"embeddable":true,"href":"https:\/\/zonaroja.com.mx\/index.php?rest_route=\/wp\/v2\/media\/13182"}],"wp:attachment":[{"href":"https:\/\/zonaroja.com.mx\/index.php?rest_route=%2Fwp%2Fv2%2Fmedia&parent=13577"}],"wp:term":[{"taxonomy":"category","embeddable":true,"href":"https:\/\/zonaroja.com.mx\/index.php?rest_route=%2Fwp%2Fv2%2Fcategories&post=13577"},{"taxonomy":"post_tag","embeddable":true,"href":"https:\/\/zonaroja.com.mx\/index.php?rest_route=%2Fwp%2Fv2%2Ftags&post=13577"}],"curies":[{"name":"wp","href":"https:\/\/api.w.org\/{rel}","templated":true}]}}