{"id":13579,"date":"2020-06-11T11:38:59","date_gmt":"2020-06-11T16:38:59","guid":{"rendered":"http:\/\/www.zonaroja.com.mx\/?p=13579"},"modified":"2020-06-11T11:39:01","modified_gmt":"2020-06-11T16:39:01","slug":"registran-118-mujeres-desaparecidas-este-ano-en-oaxaca-60-en-contingencia","status":"publish","type":"post","link":"https:\/\/zonaroja.com.mx\/?p=13579","title":{"rendered":"Registran 118 mujeres desaparecidas este a\u00f1o en Oaxaca; 60% en contingencia"},"content":{"rendered":"\n<p>Redacci\u00f3n\/Zona Roja.<\/p>\n\n\n\n<p>Oaxaca de Ju\u00e1rez, Oax., 11 de junio\nde 2020.- En Oaxaca no s\u00f3lo va en aumento el n\u00famero de feminicidios, sino\ntambi\u00e9n la desaparici\u00f3n de mujeres, pues durante el gobierno de Alejandro Murat\nse registran ya 800 casos que se sumar\u00edan a las 500 personas desaparecidas en\nla entidad desde la d\u00e9cada de los 80, seg\u00fan datos de organizaciones y\ncolectivos en b\u00fasqueda de sus familiares (Educa, 2020).<\/p>\n\n\n\n<p>En un comunicado, Consorcio Oaxaca\ninform\u00f3 que con base en sus registros, el incremento en la desaparici\u00f3n de\nmujeres no es exclusivo de este gobierno, pues la administraci\u00f3n de Gabino Cu\u00e9\ndej\u00f3 el saldo de 174&nbsp; desaparecidas a\nfinales de su mandato. <\/p>\n\n\n\n<p>\u201cLejos de erradicarse, la cifra se\nincrement\u00f3 de manera alarmante a partir del segundo a\u00f1o del gobierno de Murat\nalcanzando los 326 casos en 2018; en 2019 la cifra lleg\u00f3 a 259 y tan s\u00f3lo en lo\nque va de 2020 hay un registro de 118 casos, de los cuales 60% han ocurrido\ndurante el periodo de contingencia. M\u00e1s de 70% del total de casos en la entidad\nse encuentran en el rango de los 12 a los 25 a\u00f1os de edad\u201d, indic\u00f3.<\/p>\n\n\n\n<p>Expuso que desde 2018 a la fecha,\ncinco regiones representan 81% del total de casos de&nbsp; desaparecidas en Oaxaca: Valles Centrales con\n391, Istmo 84, Papaloapan con 66, Mixteca 58 y la Costa con 54 casos.<\/p>\n\n\n\n<p>\u201cA pesar de que el 90% de los\nregistros en medios locales no ofrecen datos sobre la ocupaci\u00f3n de las\nv\u00edctimas, en los casos en que es posible saberlo son las estudiantes, empleadas\ny comerciantes quienes representan el mayor porcentaje de desaparecidas durante\nel gobierno muratista\u201d, se\u00f1al\u00f3.<\/p>\n\n\n\n<p>Agrego que cuando la mayor\u00eda de las\ndesaparecidas se encuentran en edad escolar, en fase reproductiva y\/o\necon\u00f3micamente activa, \u201ccu\u00e1ntas vidas y proyectos se desvanecen en la ruta de\nimpunidad, cu\u00e1ntas v\u00edctimas indirectas dejan con su ausencia.<\/p>\n\n\n\n<p>\u201cCu\u00e1nto dolor e incertidumbre letal\nha provocado en sus familiares la b\u00fasqueda en vida de sus hermanas, hijas,\nmadres, esposas, compa\u00f1eras, sin que a la fecha se observen acciones del Estado\npara investigar los contextos en los que existe mayor riesgo de ser v\u00edctima de\nuna desaparici\u00f3n.<\/p>\n\n\n\n<p>\u201cCu\u00e1l es el m\u00f3vil de estos delitos,\ncu\u00e1l es la caracterizaci\u00f3n de los presuntos agresores o c\u00f3mo se lleva a cabo el\nseguimiento a las carpetas de investigaci\u00f3n, sobre todo en municipios que\ncuentan con Alerta de G\u00e9nero desde 2018\u201d.<\/p>\n\n\n\n<p>A\u00f1adi\u00f3 que estas y otras m\u00faltiples\ninterrogantes deber\u00edan ser atendidas por el Estado tal como lo marca la Ley\nGeneral de V\u00edctimas que obliga a las autoridades de los tres \u00e1mbitos de\ngobierno, y de los tres poderes constitucionales, as\u00ed como a cualquier oficina,\ndependencia, organismo o instituci\u00f3n p\u00fablica o privada que vele por la\nprotecci\u00f3n de las v\u00edctimas, les proporcione ayuda, asistencia o reparaci\u00f3n\nintegral (LGV, 2017).<\/p>\n\n\n\n<p>Detall\u00f3 que la desaparici\u00f3n es un\ndelito, y est\u00e1 previsto por el art\u00edculo 348 Bis D del C\u00f3digo Penal de Oaxaca en\nel que se establece que comete el delito de desaparici\u00f3n forzada de personas,\nel servidor p\u00fablico que por s\u00ed o a trav\u00e9s de otros realice, consienta, autorice\no apoye la privaci\u00f3n de la libertad de una o m\u00e1s personas y propicie o mantenga\nsu ocultamiento bajo cualquier forma, se niegue a reconocer dicha privaci\u00f3n de\nla libertad o se niegue a informar sobre el paradero de la persona. <\/p>\n\n\n\n<p>\u201cLa falta de observancia obligatoria\npor parte del gobierno de Alejandro Murat representa una violaci\u00f3n a los\nderechos humanos de las v\u00edctimas de desaparici\u00f3n y sus familias. Se trata de\nuna problem\u00e1tica urgente para el gobernador, quien recientemente ha recibido un\nexigente llamado a cumplir la Ley en Materia de Desaparici\u00f3n Forzada por parte\nde familiares de v\u00edctimas de desaparici\u00f3n en Oaxaca.<\/p>\n\n\n\n<p>\u201cPues a la fecha no hay muestra de\navances en las investigaciones ni ha enviado la terna para elegir al titular\npara la Comisi\u00f3n de B\u00fasqueda de Personas, tal y como lo establece dicha ley que\nfue aprobada desde hace seis meses en la entidad (Educa, 2020)\u201d, expuso Consorcio\nOaxaca en el comunicado.<\/p>\n","protected":false},"excerpt":{"rendered":"<p>Redacci\u00f3n\/Zona Roja. Oaxaca de Ju\u00e1rez, Oax., 11 de junio de 2020.- En Oaxaca no s\u00f3lo&hellip;<\/p>\n","protected":false},"author":2,"featured_media":12397,"comment_status":"closed","ping_status":"open","sticky":false,"template":"","format":"standard","meta":{"_lmt_disableupdate":"","_lmt_disable":"","_jetpack_memberships_contains_paid_content":false,"footnotes":""},"categories":[109,47],"tags":[1093,455],"class_list":["post-13579","post","type-post","status-publish","format-standard","has-post-thumbnail","hentry","category-minuto-a-minuto","category-zona-gris","tag-consorcio-para-el-dialogo-oaxaca","tag-mujeres-desaparecidas-oaxaca"],"jetpack_featured_media_url":"https:\/\/zonaroja.com.mx\/wp-content\/uploads\/2020\/05\/PHOTO-2020-05-14-17-09-42.jpg","jetpack_sharing_enabled":true,"_links":{"self":[{"href":"https:\/\/zonaroja.com.mx\/index.php?rest_route=\/wp\/v2\/posts\/13579","targetHints":{"allow":["GET"]}}],"collection":[{"href":"https:\/\/zonaroja.com.mx\/index.php?rest_route=\/wp\/v2\/posts"}],"about":[{"href":"https:\/\/zonaroja.com.mx\/index.php?rest_route=\/wp\/v2\/types\/post"}],"author":[{"embeddable":true,"href":"https:\/\/zonaroja.com.mx\/index.php?rest_route=\/wp\/v2\/users\/2"}],"replies":[{"embeddable":true,"href":"https:\/\/zonaroja.com.mx\/index.php?rest_route=%2Fwp%2Fv2%2Fcomments&post=13579"}],"version-history":[{"count":1,"href":"https:\/\/zonaroja.com.mx\/index.php?rest_route=\/wp\/v2\/posts\/13579\/revisions"}],"predecessor-version":[{"id":13580,"href":"https:\/\/zonaroja.com.mx\/index.php?rest_route=\/wp\/v2\/posts\/13579\/revisions\/13580"}],"wp:featuredmedia":[{"embeddable":true,"href":"https:\/\/zonaroja.com.mx\/index.php?rest_route=\/wp\/v2\/media\/12397"}],"wp:attachment":[{"href":"https:\/\/zonaroja.com.mx\/index.php?rest_route=%2Fwp%2Fv2%2Fmedia&parent=13579"}],"wp:term":[{"taxonomy":"category","embeddable":true,"href":"https:\/\/zonaroja.com.mx\/index.php?rest_route=%2Fwp%2Fv2%2Fcategories&post=13579"},{"taxonomy":"post_tag","embeddable":true,"href":"https:\/\/zonaroja.com.mx\/index.php?rest_route=%2Fwp%2Fv2%2Ftags&post=13579"}],"curies":[{"name":"wp","href":"https:\/\/api.w.org\/{rel}","templated":true}]}}